{"id":926,"date":"2023-10-18T09:16:12","date_gmt":"2023-10-18T09:16:12","guid":{"rendered":"https:\/\/www.kktckamusen.org\/?p=926"},"modified":"2023-10-18T12:21:42","modified_gmt":"2023-10-18T12:21:42","slug":"atan-israilin-hastane-saldirisini-insanlik-kabul-edemez-kiniyoruz","status":"publish","type":"post","link":"https:\/\/www.kktckamusen.org\/index.php\/2023\/10\/18\/atan-israilin-hastane-saldirisini-insanlik-kabul-edemez-kiniyoruz\/","title":{"rendered":"ATAN \u201c\u0130SRA\u0130L&#8217;\u0130N HASTANE SALDIRISINI \u0130NSANLIK KABUL EDEMEZ KINIYORUZ\u201d"},"content":{"rendered":"\n<p><strong>ATAN \u201c\u0130SRA\u0130L&#8217;\u0130N HASTANE SALDIRISINI \u0130NSANLIK KABUL EDEMEZ KINIYORUZ\u201d<\/strong><\/p>\n\n\n\n<p>Kamusen Ba\u015fkan\u0131 Metin Atan Meltem Sakin ile Gazete Sohbetleri program\u0131nda yapt\u0131\u011f\u0131 a\u00e7\u0131klamada , \u0130srail&#8217;in hastane sald\u0131r\u0131s\u0131na ili\u015fkin insanl\u0131k bunu kabul edemez dedi ve bu durumu k\u0131nad\u0131.\u00a0Atan , \u00a0\u015fuan yap\u0131lan\u0131n soyk\u0131r\u0131m oldu\u011funu , d\u00fcnyan\u0131n bu noktada ne yapaca\u011f\u0131n\u0131 , ne s\u00f6yleyece\u011fini nas\u0131l bir harekette\u00a0 bulunaca\u011f\u0131n\u0131 merak etti\u011fini ifade etti. Gelecek \u00fc\u00e7\u00fcnc\u00fc d\u00fcnya sava\u015f\u0131na do\u011fru gidiyor diye s\u00f6zlerini s\u00fcrd\u00fcren Atan , d\u00fcnyan\u0131n bunu seyretti\u011fini s\u00f6yledi.\u00a0 Atan , bir ka\u00e7 \u00fclkenin bunlar\u0131n i\u00e7erisinde T\u00fcrkiye Cumhuriyetinin feryat etti\u011fini dikkat \u00e7ekti. Atan, \u201ct\u00fcm bu ya\u015fan\u0131lananlara bak\u0131ld\u0131\u011f\u0131nda s\u00fcrecinin sonunu \u00e7okta iyi g\u00f6rmedi\u011fini belirterek umar\u0131m bu konuda uzla\u015f\u0131 bulunur ifadelerini kulland\u0131.\u00a0 Atan , daha \u00f6nceki s\u00f6ylemlerinde\u201d Filistine d\u00f6n\u00fcyoruz\u201d dedi\u011fi s\u00f6zlerini an\u0131msatarak , Filistin bir zamanlar \u0130srail\u2019in konumundayd\u0131 \u00f6zelle\u015ftirdi , satt\u0131 ,ve \u015fuanda \u0130srail onun yerine ge\u00e7ti \u015fimdi topraklar\u0131 bile olmayacak , burada bas bas ba\u011f\u0131r\u0131yoruz topraklar\u0131 satmay\u0131n diye ve \u015fimdi duyuyoruz ki ak\u0131n ak\u0131n Filistinliler ve \u0130srailliler sava\u015ftan buraya geliyorlar hakl\u0131 olarak \u00e7\u00fcnk\u00fc toprak ald\u0131lar yerleri var \u015fuanda biz ne olaca\u011f\u0131z esas sorun budur dedi. \u00d6n\u00fcm\u00fczdeki g\u00fcnlerde zaman ne g\u00f6sterecek g\u00f6rece\u011fiz diyen Atan , hi\u00e7 de iyi bir g\u00f6r\u00fcnt\u00fc yok dedi.<\/p>\n\n\n\n<p><strong>\u201cSORU\u015eTURMA A\u015eAMASINDA DOKTOR VE ECZACILARIN KELEP\u00c7EL\u0130 B\u0130R \u015eEK\u0130LDE G\u00d6T\u00dcR\u00dcLMES\u0130 DO\u011eRU DE\u011e\u0130L\u201d<\/strong><\/p>\n\n\n\n<p>Kamusen Ba\u015fkan\u0131 Metin Atan, sahte re\u00e7ete soru\u015fturma s\u00fcrecine ili\u015fkin de\u011ferlendirmesinde tutuklananlar i\u00e7erisinde ba\u015fbakanl\u0131k yapm\u0131\u015f olanlar ,doktorlar ve sayg\u0131 de\u011fer insanlar\u0131nda oldu\u011funu kelep\u00e7eli bir \u015fekilde g\u00f6t\u00fcr\u00fclmeleri \u00fcz\u00fcc\u00fc ve d\u00fc\u015f\u00fcnd\u00fcr\u00fcc\u00fc oldu\u011funu belirtti. Atan ,ayr\u0131cal\u0131k yap\u0131ls\u0131n demedi\u011fini fakat \u015fuanda mahkemenin devam etti\u011fine dikkat \u00e7ekerek \u015fu\u00e7lu olmayan birine bir mahkum gibi cinayet i\u015flemi\u015f gibi g\u00f6r\u00fcnt\u00fc sergilerseniz bu do\u011fru bir yakla\u015f\u0131m de\u011fil&nbsp; dedi. \u00dclkede Ba\u015fbakanl\u0131k yapm\u0131\u015f Sibel Siber\u2019in de kelep\u00e7elerle su\u00e7u kan\u0131tlanmadan soru\u015fturma a\u015famas\u0131nda kelep\u00e7eli bir \u015fekilde g\u00f6t\u00fcr\u00fclmesini do\u011fru bulmad\u0131\u011f\u0131n\u0131 , bir \u015fey yap\u0131lm\u0131\u015fsa e\u011fer mahkeme karar\u0131n\u0131 verir ona g\u00f6re gerekenin yap\u0131labilece\u011fini s\u00f6yledi.<\/p>\n\n\n\n<p><strong>\u201cAKARYAKIT ZAMMI F\u0130FLE ENGELLEND\u0130 FAKAT SAVA\u015e \u00c7IKTI DEN\u0130LEREK OKKALI ZAMLAR KAPIDA\u201d<\/strong><\/p>\n\n\n\n<p>Kamusen Ba\u015fkan\u0131 Metin Atan&nbsp; , Ekonomi ve Enerji Bakan\u0131 Olgun Amcao\u011flu\u2019nun, petrol fiyatlar\u0131nda ya\u015fanan d\u00fc\u015f\u00fc\u015f\u00fcn K\u0131br\u0131s\u2019\u0131n kuzeyinde akaryak\u0131t fiyatlar\u0131na \u201czam yapmak istemedikleri i\u00e7in\u201d yans\u0131mad\u0131 dedi\u011fi s\u00f6zlerini de\u011ferlendirdi.Atan, Fiyat \u0130stikrar Fonu ile Akaryak\u0131t zamlar\u0131n\u0131n dengelendi\u011fini an\u0131satarak, pandemiden sonra Fiyat \u0130stikrar Fonunun yok oldu\u011funu bunun farkl\u0131 kanallara kayd\u0131r\u0131ld\u0131\u011f\u0131n\u0131 s\u00f6yledi.Kamusen Ba\u015fkan\u0131 Metin Atan,&nbsp; ancak Olgun Amcao\u011flu\u2019nun a\u00e7\u0131klamalar\u0131n\u0131n do\u011fru oldu\u011funu fakat ilerleyen g\u00fcnlerde bunun okkal\u0131 zam olarak geri d\u00f6nece\u011fini&nbsp; s\u00f6yledi. Bunlara al\u0131\u015ft\u0131k art\u0131k diyen atan, bu konuda Fiyat \u0130stikrar Fonunun yard\u0131m\u0131yla&nbsp; art\u0131rma yapmad\u0131k denildi\u011fini \u015fimdi sava\u015f \u00e7\u0131kt\u0131 petrol fiyatlar\u0131 patlad\u0131 diyerek okkal\u0131 zamlar\u0131n yeniden kap\u0131da oldu\u011funu s\u00f6yledi.<\/p>\n\n\n\n<p><strong>\u201c\u00dcLKEY\u0130 VE VATANDA\u015eI K\u0130MSE UMURSAMIYOR\u201d<\/strong><\/p>\n\n\n\n<p>Kamusen Ba\u015fkan\u0131 Metin Atan, Cumhurba\u015fkan\u0131\u00a0Ersin Tatar, \u201cKKTC K\u00fclt\u00fcr ve Tan\u0131t\u0131m G\u00fcnleri\u201d etkinli\u011fine kat\u0131lmak i\u00e7in Azerbaycan\u2019\u0131n ba\u015fkenti Bak\u00fc\u2019ye 200 ki\u015filik bir heyetle gitmesini ele\u015ftirdi. Tan\u0131nma ad\u0131na bir tak\u0131m temaslar\u0131n normal oldu\u011funu s\u00f6yleyen Atan ,\u00fclkede bu kadar pahal\u0131l\u0131k, s\u0131k\u0131nt\u0131l\u0131 bir d\u00f6nem\u00a0 s\u00f6z konusuyken 200 ki\u015filik heyetle gidilmesi ne demek diye sordu. Atan , bu \u00fclkeyi ve vatanda\u015f\u0131 ve halk\u0131n\u0131 kimse umursam\u0131yor dedi. 200 ki\u015fi ne yapt\u0131 diye soran\u00a0 Atan, bu ziyaretin maliyeti nedir bunu da a\u00e7\u0131klamalar\u0131 gerekti\u011fini s\u00f6yledi.<\/p>\n","protected":false},"excerpt":{"rendered":"<p>ATAN \u201c\u0130SRA\u0130L&#8217;\u0130N HASTANE SALDIRISINI \u0130NSANLIK KABUL EDEMEZ KINIYORUZ\u201d Kamusen Ba\u015fkan\u0131 Metin Atan Meltem Sakin ile Gazete Sohbetleri program\u0131nda yapt\u0131\u011f\u0131 a\u00e7\u0131klamada , \u0130srail&#8217;in hastane sald\u0131r\u0131s\u0131na ili\u015fkin insanl\u0131k bunu kabul edemez dedi ve bu durumu k\u0131nad\u0131.\u00a0Atan , \u00a0\u015fuan yap\u0131lan\u0131n soyk\u0131r\u0131m oldu\u011funu , d\u00fcnyan\u0131n bu noktada ne yapaca\u011f\u0131n\u0131 , ne s\u00f6yleyece\u011fini nas\u0131l bir harekette\u00a0 bulunaca\u011f\u0131n\u0131 merak etti\u011fini ifade [&hellip;]<\/p>\n","protected":false},"author":5,"featured_media":927,"comment_status":"open","ping_status":"open","sticky":false,"template":"","format":"standard","meta":{"tdm_status":"","tdm_grid_status":"","footnotes":""},"categories":[1],"tags":[],"acf":[],"aioseo_notices":[],"_links":{"self":[{"href":"https:\/\/www.kktckamusen.org\/index.php\/wp-json\/wp\/v2\/posts\/926"}],"collection":[{"href":"https:\/\/www.kktckamusen.org\/index.php\/wp-json\/wp\/v2\/posts"}],"about":[{"href":"https:\/\/www.kktckamusen.org\/index.php\/wp-json\/wp\/v2\/types\/post"}],"author":[{"embeddable":true,"href":"https:\/\/www.kktckamusen.org\/index.php\/wp-json\/wp\/v2\/users\/5"}],"replies":[{"embeddable":true,"href":"https:\/\/www.kktckamusen.org\/index.php\/wp-json\/wp\/v2\/comments?post=926"}],"version-history":[{"count":2,"href":"https:\/\/www.kktckamusen.org\/index.php\/wp-json\/wp\/v2\/posts\/926\/revisions"}],"predecessor-version":[{"id":934,"href":"https:\/\/www.kktckamusen.org\/index.php\/wp-json\/wp\/v2\/posts\/926\/revisions\/934"}],"wp:featuredmedia":[{"embeddable":true,"href":"https:\/\/www.kktckamusen.org\/index.php\/wp-json\/wp\/v2\/media\/927"}],"wp:attachment":[{"href":"https:\/\/www.kktckamusen.org\/index.php\/wp-json\/wp\/v2\/media?parent=926"}],"wp:term":[{"taxonomy":"category","embeddable":true,"href":"https:\/\/www.kktckamusen.org\/index.php\/wp-json\/wp\/v2\/categories?post=926"},{"taxonomy":"post_tag","embeddable":true,"href":"https:\/\/www.kktckamusen.org\/index.php\/wp-json\/wp\/v2\/tags?post=926"}],"curies":[{"name":"wp","href":"https:\/\/api.w.org\/{rel}","templated":true}]}}