{"id":92,"date":"2022-03-04T17:07:06","date_gmt":"2022-03-04T14:07:06","guid":{"rendered":"http:\/\/tdi_43_d22"},"modified":"2022-03-04T17:07:06","modified_gmt":"2022-03-04T14:07:06","slug":"6-sendikadan-grev-karari","status":"publish","type":"post","link":"https:\/\/www.kktckamusen.org\/index.php\/2022\/03\/04\/6-sendikadan-grev-karari\/","title":{"rendered":"6 Sendikadan Grev Karar\u0131!"},"content":{"rendered":"<div>&nbsp;<\/div>\n<div>&nbsp;<\/div>\n<div>&nbsp;<\/div>\n<div><span style=\"color: initial;\">Pandemi s\u00fcrecine ba\u011fl\u0131 olarak ya\u015fanan &nbsp;ekonomik krizin etkisi \u00fclkemizde \u00e7al\u0131\u015fanlar, dar ve sabit gelirli kesimler a\u00e7\u0131s\u0131ndan dayan\u0131lmayacak noktaya gelmi\u015ftir. Bunun en \u00f6nemli nedeni &nbsp;&nbsp;y\u00f6netenlerin kamu kaynaklar\u0131n\u0131 adil da\u011f\u0131tmamas\u0131d\u0131r.<\/span><\/div>\n<div>\n<p>T\u00fcrk Liras\u0131n\u0131n d\u00f6viz kar\u015f\u0131s\u0131nda adeta erimesi ile halk\u0131n al\u0131m g\u00fcc\u00fcnde b\u00fcy\u00fck bir gerileme ya\u015fan\u0131rken h\u00fck\u00fcmet edenler al\u0131m g\u00fcc\u00fcn\u00fc koruyucu tedbirler almak yerine \u00e7al\u0131\u015fanlar\u0131n kazan\u0131lm\u0131\u015f haklar\u0131n\u0131 dahi ellerinden almak yoluna gitmi\u015ftir. Kamu \u00e7al\u0131\u015fanlar\u0131n\u0131n ve emeklilerin al\u0131m g\u00fcc\u00fcn\u00fcn&nbsp; enflasyon kar\u015f\u0131s\u0131nda korunmas\u0131 a\u00e7\u0131s\u0131ndan en \u00f6nemli sigortas\u0131 olan Hayat Pahal\u0131l\u0131\u011f\u0131 \u00f6dene\u011fi sanki ek bir maa\u015f art\u0131\u015f\u0131ym\u0131\u015f gibi s\u00fcrekli g\u00fcndeme getirilip gasp edilmektedir. UBP\u2019nin h\u00fck\u00fcmette oldu\u011fu d\u00f6nemlerde&nbsp; \u00e7al\u0131\u015fanlar\u0131n haklar\u0131na ayni sald\u0131r\u0131lar\u0131n s\u00fcrekli yap\u0131ld\u0131\u011f\u0131n\u0131 &nbsp;g\u00f6r\u00fcyoruz. 2011 y\u0131l\u0131nda yine %14.72\u2019lik hayat pahal\u0131l\u0131\u011f\u0131 kesintisi yap\u0131lm\u0131\u015f, 2020 y\u0131l\u0131n\u0131n Mart, Nisan, May\u0131s, Haziran ay\u0131lar\u0131nda meydana gelen %2.05\u2019lik \u00f6denmemi\u015ftir. 2020 y\u0131l\u0131n\u0131n ikinci yar\u0131s\u0131 meydana gelen &nbsp;%10.65\u2019lik hayat pahal\u0131l\u0131\u011f\u0131 &nbsp;\u00f6demesi ertelenerek patronlar\u0131n m\u00fckellefiyeti olan sosyal sigorta primlerinin \u00f6denmesi i\u00e7in kaynak olarak kullan\u0131lm\u0131\u015ft\u0131r. Bu prim \u00f6demelerinde hi\u00e7bir kriter g\u00f6zetilmeksizin, hatta devletten daha zengin olan patronlar\u0131n&nbsp; &nbsp;dahi m\u00fckellefiyetleri kar\u015f\u0131lan\u0131rken devletin 1500 TL\u2019ye kadar olan destek \u00f6demelerine ba\u015fvuran 58,000 emek\u00e7iden on bin ki\u015fi elenerek bu \u00f6demeden mahrum b\u0131rak\u0131lm\u0131\u015ft\u0131r.<\/p>\n<p>\u00dclkemizde ekonomik bir kriz ya\u015fan\u0131yorsa \u00f6ncelikle zenginlerden fedakarl\u0131k beklenmelidir. Zenginlerden servet vergisi al\u0131nmas\u0131 g\u00fcndeme&nbsp; dahi al\u0131nmazken,&nbsp; h\u00fck\u00fcmet edenlerin l\u00fcks harcamalar\u0131ndan hi\u00e7bir tasarruf yap\u0131lmazken, \u00e7al\u0131\u015fanlar\u0131n elindeki son lokmaya g\u00f6z dikilmi\u015ftir.<\/p>\n<p>Kamu \u00e7al\u0131\u015fanlar\u0131n\u0131n maa\u015flar\u0131na 2021 y\u0131l\u0131n\u0131n ilk \u00fc\u00e7 ay\u0131nda yans\u0131t\u0131lmayan %10.65\u2019lik hayat pahal\u0131\u011f\u0131 \u00f6dene\u011fi yans\u0131t\u0131lm\u0131\u015f gibi maa\u015flar\u0131ndan gelir vergisi ve sosyal g\u00fcvenlik kesintisi yap\u0131l\u0131rken di\u011fer yandan i\u015fverenlere pe\u015fin vergi \u00f6demesinde indirim yap\u0131lm\u0131\u015ft\u0131r. Bu \u00e7ok b\u00fcy\u00fck bir haks\u0131zl\u0131k ve adaletsizliktir.<\/p>\n<p>H\u00fck\u00fcmet d\u00fcn ak\u015fam kamu \u00e7al\u0131\u015fan\u0131 ve emeklilerin Mart, Nisan, May\u0131s ve Haziran aylar\u0131nda ger\u00e7ekle\u015fecek olan hayat pahal\u0131l\u0131\u011f\u0131 \u00f6dene\u011fini geri \u00f6denmemek \u00fczere durdurma karar\u0131 alm\u0131\u015ft\u0131r. Bu karar kamu \u00e7al\u0131\u015fanlar\u0131 yan\u0131nda maa\u015flar\u0131 zaten d\u00fc\u015f\u00fck olan 42.000 sigorta emeklisine,&nbsp; on binlerce devlet emeklisine ve asgari \u00fccretlilere b\u00fcy\u00fck bir ma\u011fduriyet ya\u015fatacakt\u0131r.<\/p>\n<p>Anayasa Mahkemesinin 2019 y\u0131l\u0131nda meclisin a\u00e7\u0131k oldu\u011fu bir d\u00f6nemde hayat pahal\u0131l\u0131\u011f\u0131 \u00f6dene\u011finin yasa g\u00fcc\u00fcnde kararname ile durdurulmas\u0131 konusunda iptal karar\u0131 olmas\u0131na ra\u011fmen H\u00fck\u00fcmetin yine ayni \u015fekilde yasa g\u00fcc\u00fcnde kararname \u00e7\u0131kararak hayat pahal\u0131l\u0131\u011f\u0131 \u00f6dene\u011fini durdurmas\u0131 hukuk tan\u0131mazl\u0131kt\u0131r.<\/p>\n<p>H\u00fck\u00fcmetin hukuksuz ve adaletsiz kararlar\u0131na kar\u015f\u0131 sendikalar\u0131m\u0131z 8 Nisan Per\u015fembe g\u00fcn\u00fc \u00fclke \u00e7ap\u0131nda genel grev uygulayarak&nbsp; Meclis \u00f6n\u00fcne y\u00fcr\u00fcyecek, ayr\u0131ca 8 Nisan tarihi \u00f6ncesi ve sonras\u0131nda \u015fok eylem ve grevlerle \u00e7ok sert tepki koyacakt\u0131r. Ayr\u0131ca en k\u0131sa s\u00fcrede bu karar\u0131n iptali i\u00e7in hukuksal m\u00fccadele ba\u015flat\u0131lacakt\u0131r.<\/p>\n<p>KTAMS, KAMUSEN, KAMU-\u0130\u015e, G\u00dc\u00c7-SEN, HEM\u015e\u0130RELER VE EBELER SEND\u0130KASI, VERG\u0130-SEN<\/p>\n<p>&#8212;&#8212;&#8212;&#8212;&#8212;&#8212;&#8212;&#8212;&#8212;&#8212;&#8212;&#8212;&#8212;&#8212;&#8212;&#8212;&#8212;&#8212;<\/p>\n<\/div>\n","protected":false},"excerpt":{"rendered":"<p>&nbsp; &nbsp; &nbsp; Pandemi s\u00fcrecine ba\u011fl\u0131 olarak ya\u015fanan &nbsp;ekonomik krizin etkisi \u00fclkemizde \u00e7al\u0131\u015fanlar, dar ve sabit gelirli kesimler a\u00e7\u0131s\u0131ndan dayan\u0131lmayacak noktaya gelmi\u015ftir. Bunun en \u00f6nemli nedeni &nbsp;&nbsp;y\u00f6netenlerin kamu kaynaklar\u0131n\u0131 adil da\u011f\u0131tmamas\u0131d\u0131r. T\u00fcrk Liras\u0131n\u0131n d\u00f6viz kar\u015f\u0131s\u0131nda adeta erimesi ile halk\u0131n al\u0131m g\u00fcc\u00fcnde b\u00fcy\u00fck bir gerileme ya\u015fan\u0131rken h\u00fck\u00fcmet edenler al\u0131m g\u00fcc\u00fcn\u00fc koruyucu tedbirler almak yerine \u00e7al\u0131\u015fanlar\u0131n kazan\u0131lm\u0131\u015f [&hellip;]<\/p>\n","protected":false},"author":1,"featured_media":186,"comment_status":"open","ping_status":"open","sticky":false,"template":"","format":"standard","meta":{"tdm_status":"","tdm_grid_status":"","footnotes":""},"categories":[5,4],"tags":[],"acf":[],"aioseo_notices":[],"_links":{"self":[{"href":"https:\/\/www.kktckamusen.org\/index.php\/wp-json\/wp\/v2\/posts\/92"}],"collection":[{"href":"https:\/\/www.kktckamusen.org\/index.php\/wp-json\/wp\/v2\/posts"}],"about":[{"href":"https:\/\/www.kktckamusen.org\/index.php\/wp-json\/wp\/v2\/types\/post"}],"author":[{"embeddable":true,"href":"https:\/\/www.kktckamusen.org\/index.php\/wp-json\/wp\/v2\/users\/1"}],"replies":[{"embeddable":true,"href":"https:\/\/www.kktckamusen.org\/index.php\/wp-json\/wp\/v2\/comments?post=92"}],"version-history":[{"count":1,"href":"https:\/\/www.kktckamusen.org\/index.php\/wp-json\/wp\/v2\/posts\/92\/revisions"}],"predecessor-version":[{"id":455,"href":"https:\/\/www.kktckamusen.org\/index.php\/wp-json\/wp\/v2\/posts\/92\/revisions\/455"}],"wp:featuredmedia":[{"embeddable":true,"href":"https:\/\/www.kktckamusen.org\/index.php\/wp-json\/wp\/v2\/media\/186"}],"wp:attachment":[{"href":"https:\/\/www.kktckamusen.org\/index.php\/wp-json\/wp\/v2\/media?parent=92"}],"wp:term":[{"taxonomy":"category","embeddable":true,"href":"https:\/\/www.kktckamusen.org\/index.php\/wp-json\/wp\/v2\/categories?post=92"},{"taxonomy":"post_tag","embeddable":true,"href":"https:\/\/www.kktckamusen.org\/index.php\/wp-json\/wp\/v2\/tags?post=92"}],"curies":[{"name":"wp","href":"https:\/\/api.w.org\/{rel}","templated":true}]}}