{"id":886,"date":"2023-08-09T07:56:10","date_gmt":"2023-08-09T07:56:10","guid":{"rendered":"https:\/\/www.kktckamusen.org\/?p=886"},"modified":"2023-08-09T08:11:39","modified_gmt":"2023-08-09T08:11:39","slug":"turkiyenin-en-buyuk-sendikasi-kktcde","status":"publish","type":"post","link":"https:\/\/www.kktckamusen.org\/index.php\/2023\/08\/09\/turkiyenin-en-buyuk-sendikasi-kktcde\/","title":{"rendered":"T\u00fcrkiye\u2019nin en b\u00fcy\u00fck sendikas\u0131 KKTC\u2019de"},"content":{"rendered":"\n<p>Hak \u2013 \u0130\u015f Konfederasyonuna ba\u011fl\u0131 276 bin \u00fcyesi ile T\u00fcrkiye\u2019nin en b\u00fcy\u00fck i\u015f\u00e7i sendikas\u0131 olan Hizmet -\u0130\u015f KKTC\u2019de geni\u015fletilmi\u015f Ba\u015fkanlar Kurulu toplant\u0131s\u0131n\u0131 ger\u00e7ekle\u015ftirdi.&nbsp;<\/p>\n\n\n\n<p>ARSLAN\u201cERENK\u00d6Y D\u0130REN\u0130\u015e\u0130 KIBRIS\u2019TA B\u0130R DESTANIN ADIDIR\u201d<\/p>\n\n\n\n<p>Hak-\u0130\u015f\/Hizmet-\u0130\u015f Sendikas\u0131 Genel Ba\u015fkan\u0131 Mahmut Arslan, toplant\u0131da KKTC\u2019nin tarihine vurgu yaparak, 450 y\u0131ldan fazla bu topraklar T\u00fcrk vatan\u0131. Buradaki tarihi sorumlulu\u011fumuzu bir kez daha teyit etmek i\u00e7in buraday\u0131z\u201d dedi.&nbsp;<\/p>\n\n\n\n<p>K\u0131br\u0131s T\u00fcrkleri ile daha yak\u0131n olmak ve K\u0131br\u0131s ekonomisine de katk\u0131 sa\u011flayabilmek ad\u0131na Kamusen i\u015f birli\u011fi ile daha s\u0131k KKTC\u2019ni ziyaret edeceklerini de vurgulayan Arslan, \u201cBurada t\u00fcm g\u00fcc\u00fcm\u00fczle KKTC\u2019nin varl\u0131\u011f\u0131n\u0131 devam ettirmesi, uluslararas\u0131 arenada tan\u0131nmas\u0131 vb. \u00e7al\u0131\u015fmalar\u0131 birlikte yapmam\u0131z gerekiyor\u201d dedi.&nbsp;<\/p>\n\n\n\n<p>ATAN, \u201cT\u00dcRK\u0130YE CUMHUR\u0130YET\u0130 OLMAZSA OLMAZIMIZ, KIRMIZI \u00c7\u0130ZG\u0130M\u0130Z\u201d<\/p>\n\n\n\n<p>Kamusen Ba\u015fkan\u0131 Metin Atan,&nbsp; \u201cKKTC\u2019de en b\u00fcy\u00fck sendikalardan biri olarak vizyon ve misyonumuz \u00e7al\u0131\u015fanlar\u0131n haklar\u0131n\u0131 koruman\u0131n yan\u0131nda KKTC\u2019nin bek\u00e2s\u0131 ad\u0131na her konuda duyarl\u0131l\u0131k g\u00f6steren ad\u0131mlar\u0131 atmay\u0131 misyon edinmi\u015ftir\u201d diyerek T\u00fcrkiye Cumhuriyeti\u2019nin maddi ve manevi deste\u011fi ile ayakta durmaya devam etkilerini ekledi ve \u201cT\u00fcrkiye Cumhuriyeti bizim olmazsa olmaz\u0131m\u0131z, k\u0131rm\u0131z\u0131 \u00e7izgimizdir\u201d dedi.<\/p>\n","protected":false},"excerpt":{"rendered":"<p>Hak \u2013 \u0130\u015f Konfederasyonuna ba\u011fl\u0131 276 bin \u00fcyesi ile T\u00fcrkiye\u2019nin en b\u00fcy\u00fck i\u015f\u00e7i sendikas\u0131 olan Hizmet -\u0130\u015f KKTC\u2019de geni\u015fletilmi\u015f Ba\u015fkanlar Kurulu toplant\u0131s\u0131n\u0131 ger\u00e7ekle\u015ftirdi.&nbsp; ARSLAN\u201cERENK\u00d6Y D\u0130REN\u0130\u015e\u0130 KIBRIS\u2019TA B\u0130R DESTANIN ADIDIR\u201d Hak-\u0130\u015f\/Hizmet-\u0130\u015f Sendikas\u0131 Genel Ba\u015fkan\u0131 Mahmut Arslan, toplant\u0131da KKTC\u2019nin tarihine vurgu yaparak, 450 y\u0131ldan fazla bu topraklar T\u00fcrk vatan\u0131. Buradaki tarihi sorumlulu\u011fumuzu bir kez daha teyit etmek [&hellip;]<\/p>\n","protected":false},"author":5,"featured_media":888,"comment_status":"open","ping_status":"open","sticky":false,"template":"","format":"standard","meta":{"tdm_status":"","tdm_grid_status":"","footnotes":""},"categories":[1],"tags":[],"acf":[],"aioseo_notices":[],"_links":{"self":[{"href":"https:\/\/www.kktckamusen.org\/index.php\/wp-json\/wp\/v2\/posts\/886"}],"collection":[{"href":"https:\/\/www.kktckamusen.org\/index.php\/wp-json\/wp\/v2\/posts"}],"about":[{"href":"https:\/\/www.kktckamusen.org\/index.php\/wp-json\/wp\/v2\/types\/post"}],"author":[{"embeddable":true,"href":"https:\/\/www.kktckamusen.org\/index.php\/wp-json\/wp\/v2\/users\/5"}],"replies":[{"embeddable":true,"href":"https:\/\/www.kktckamusen.org\/index.php\/wp-json\/wp\/v2\/comments?post=886"}],"version-history":[{"count":1,"href":"https:\/\/www.kktckamusen.org\/index.php\/wp-json\/wp\/v2\/posts\/886\/revisions"}],"predecessor-version":[{"id":891,"href":"https:\/\/www.kktckamusen.org\/index.php\/wp-json\/wp\/v2\/posts\/886\/revisions\/891"}],"wp:featuredmedia":[{"embeddable":true,"href":"https:\/\/www.kktckamusen.org\/index.php\/wp-json\/wp\/v2\/media\/888"}],"wp:attachment":[{"href":"https:\/\/www.kktckamusen.org\/index.php\/wp-json\/wp\/v2\/media?parent=886"}],"wp:term":[{"taxonomy":"category","embeddable":true,"href":"https:\/\/www.kktckamusen.org\/index.php\/wp-json\/wp\/v2\/categories?post=886"},{"taxonomy":"post_tag","embeddable":true,"href":"https:\/\/www.kktckamusen.org\/index.php\/wp-json\/wp\/v2\/tags?post=886"}],"curies":[{"name":"wp","href":"https:\/\/api.w.org\/{rel}","templated":true}]}}