{"id":883,"date":"2023-08-02T10:07:04","date_gmt":"2023-08-02T10:07:04","guid":{"rendered":"https:\/\/www.kktckamusen.org\/?p=883"},"modified":"2023-08-02T10:07:07","modified_gmt":"2023-08-02T10:07:07","slug":"zamlardan-dolayi-en-pahali-ulke-konumuna-geldik","status":"publish","type":"post","link":"https:\/\/www.kktckamusen.org\/index.php\/2023\/08\/02\/zamlardan-dolayi-en-pahali-ulke-konumuna-geldik\/","title":{"rendered":"\u201cZAMLARDAN DOLAYI EN PAHALI \u00dcLKE KONUMUNA GELD\u0130K\u201d"},"content":{"rendered":"\n<p><strong>\u201cZAMLARDAN DOLAYI EN PAHALI \u00dcLKE KONUMUNA GELD\u0130K\u201d<\/strong><\/p>\n\n\n\n<p>Kamusen Ba\u015fkan\u0131 Metin Atan kat\u0131ld\u0131\u011f\u0131 bir TV program\u0131nda Temmuz ay\u0131na y\u00f6nelik t\u00fcketicilere g\u00f6nderilen zaml\u0131 elektrik faturalar\u0131na ili\u015fkin sert tepki g\u00f6sterdi. Kamusen Ba\u015fkan\u0131 Metin Atan , \u00e7ok k\u00f6t\u00fc bir durumda oldu\u011fumuzu , h\u00fck\u00fcmetin zamlar\u0131n \u00f6n\u00fcne ge\u00e7ecek hi\u00e7bir \u015fey yapmad\u0131\u011f\u0131n\u0131 sadece seyretti\u011fini , halk\u0131 peri\u015fan etti\u011fini s\u00f6yledi. Atan , h\u00fck\u00fcmet edenlerin art\u0131k topluca istifa etmeleri gerekti\u011fini kaydetti.<\/p>\n\n\n\n<p><strong>\u201cH\u00dcK\u00dcMET ZAMLARIN \u00d6N\u00dcNE GE\u00c7ECEK H\u0130\u00c7B\u0130R\u015eEY YAPMIYOR HALK PER\u0130\u015eAN \u201c<\/strong><\/p>\n\n\n\n<p>\u0130nsanlar\u0131n art\u0131k g\u00fcc\u00fc kalmad\u0131 diyen Atan , bir taraftan insanlar karn\u0131n\u0131 doyurmaya \u00e7al\u0131\u015f\u0131rken bir de Elektrik faturalar\u0131na yap\u0131lan okkal\u0131 zamm\u0131 sorgulad\u0131. Atan ,&nbsp; h\u00fck\u00fcmetin g\u00fclerek , oynayarak Aksa ile imzalanan s\u00f6zle\u015fme imzalad\u0131\u011f\u0131n\u0131 an\u0131msatarak&nbsp; b\u00f6yle oturup seyretmekle h\u00fck\u00fcmet\u00e7ilik olmaz dedi. Kamusen Ba\u015fkan\u0131 Metin Atan ,&nbsp; Aksaya 512 milyon dolar net \u00f6denecek olan rakam\u0131n inan\u0131lmaz boyutta oldu\u011funu s\u00f6yledi.&nbsp; Bu rakama bak\u0131lacak olursa&nbsp; ka\u00e7 ki\u015finin bundan faydaland\u0131\u011f\u0131n\u0131 soran Atan , bu pe\u015fke\u015flerin devam edece\u011fini ifade etti. Kamusen Ba\u015fkan\u0131 Metin Atan ,&nbsp; bu pe\u015fke\u015flerin bedeli halka y\u00fckleniyor bunu kabul edemeyiz dedi. B\u00f6yle idarecilik olmaz&nbsp; diye sert tepki g\u00f6steren Atan , hi\u00e7bir \u00f6nlem , tedbir almaycaks\u0131n\u0131z durmadan zam yapacaks\u0131n\u0131z&nbsp; dedi.<\/p>\n\n\n\n<p><strong>\u201cELEKTR\u0130K GELECEK AY Y\u0130NE ZAMLANACAK HALK NE YAPACAK , NASIL YA\u015eAYACAK \u201c<\/strong><\/p>\n\n\n\n<p>Atan , on g\u00fcn i\u00e7erisinde Akaryak\u0131ta ka\u00e7\u0131nc\u0131 kez zam yap\u0131ld\u0131\u011f\u0131n\u0131 hat\u0131rlamakta art\u0131k zorland\u0131\u011f\u0131n\u0131 kaydetti. Kamusen Ba\u015fkan\u0131 Metin Atan , Elektri\u011fin gelecek ay yine zamlanaca\u011f\u0131n\u0131 bunun kar\u015f\u0131s\u0131nda bu halk\u0131n nas\u0131l ya\u015fayaca\u011f\u0131n\u0131&nbsp; nas\u0131l ge\u00e7inece\u011fini sordu.<\/p>\n\n\n\n<p><strong>\u201cH\u00dcK\u00dcMET EDENLER KONU HAYAT PAHALILI\u011eINA GEL\u0130NCE \u00dc\u00c7\u00dcN BE\u015e\u0130N PAZARLI\u011eINI YAPIYOR\u201d<\/strong><\/p>\n\n\n\n<p>Atan , h\u00fck\u00fcmet edenlerin konu hayat pahal\u0131l\u0131\u011f\u0131na gelince \u00fc\u00e7\u00fcn be\u015fin pazarl\u0131\u011f\u0131n\u0131 yapmaya \u00e7al\u0131\u015ft\u0131klar\u0131n\u0131 s\u00f6yledi.&nbsp; Atan , h\u00fck\u00fcmet edenlere \u00e7a\u011fr\u0131da bulanarak&nbsp; \u201czamlar\u0131 engellesinler de hayat pahal\u0131l\u0131\u011f\u0131n\u0131 vermesinler\u201d biz bunlar\u0131 s\u00f6ylerken pop\u00fclizm yapm\u0131yoruz&nbsp; pop\u00fclizmi kendileri yap\u0131yor dedi.&nbsp;&nbsp;&nbsp;&nbsp;&nbsp;&nbsp;&nbsp;&nbsp;&nbsp;&nbsp;&nbsp;&nbsp;&nbsp;&nbsp;&nbsp;&nbsp;&nbsp;&nbsp; Kamusen Ba\u015fkan\u0131 Metin Atan ,&nbsp; h\u00fck\u00fcmet edenlerin her\u015feyin \u00e7ok g\u00fczel , s\u00fct liman gibi tablo \u00e7izdi\u011fini oysa insanlar\u0131n peri\u015fan oldu\u011funa dikkat \u00e7ekti.&nbsp; Bu \u00fclkede sosyal ve psikolojik patlamada olaca\u011f\u0131n\u0131 s\u00f6yleyen Atan , \u015fuan da bunun ba\u015flad\u0131\u011f\u0131n\u0131 belirtti. Atan, insanlar\u0131n a\u00e7 kald\u0131\u011f\u0131nda \u00e7almak zorunda kald\u0131\u011f\u0131n\u0131 , vurup k\u0131rd\u0131\u011f\u0131n\u0131, \u015fiddete e\u011filime y\u00f6nelece\u011fini bunun \u00e7ok ciddi bir tehlike oldu\u011funu s\u00f6yledi. Bu konularda \u00f6nlem al\u0131nmas\u0131n\u0131n \u015fart oldu\u011funu s\u00f6yleyen Atan, bunun h\u00fck\u00fcmetin g\u00f6revinin oldu\u011funu s\u00f6yledi. Atan, h\u00fck\u00fcmet edenlerin yap\u0131lmas\u0131 gerekenleri yapmad\u0131\u011f\u0131n\u0131 bu sorunlarla halk bire bir kald\u0131 dedi.<\/p>\n","protected":false},"excerpt":{"rendered":"<p>\u201cZAMLARDAN DOLAYI EN PAHALI \u00dcLKE KONUMUNA GELD\u0130K\u201d Kamusen Ba\u015fkan\u0131 Metin Atan kat\u0131ld\u0131\u011f\u0131 bir TV program\u0131nda Temmuz ay\u0131na y\u00f6nelik t\u00fcketicilere g\u00f6nderilen zaml\u0131 elektrik faturalar\u0131na ili\u015fkin sert tepki g\u00f6sterdi. Kamusen Ba\u015fkan\u0131 Metin Atan , \u00e7ok k\u00f6t\u00fc bir durumda oldu\u011fumuzu , h\u00fck\u00fcmetin zamlar\u0131n \u00f6n\u00fcne ge\u00e7ecek hi\u00e7bir \u015fey yapmad\u0131\u011f\u0131n\u0131 sadece seyretti\u011fini , halk\u0131 peri\u015fan etti\u011fini s\u00f6yledi. Atan , h\u00fck\u00fcmet [&hellip;]<\/p>\n","protected":false},"author":5,"featured_media":884,"comment_status":"open","ping_status":"open","sticky":false,"template":"","format":"standard","meta":{"tdm_status":"","tdm_grid_status":"","footnotes":""},"categories":[1],"tags":[],"acf":[],"aioseo_notices":[],"_links":{"self":[{"href":"https:\/\/www.kktckamusen.org\/index.php\/wp-json\/wp\/v2\/posts\/883"}],"collection":[{"href":"https:\/\/www.kktckamusen.org\/index.php\/wp-json\/wp\/v2\/posts"}],"about":[{"href":"https:\/\/www.kktckamusen.org\/index.php\/wp-json\/wp\/v2\/types\/post"}],"author":[{"embeddable":true,"href":"https:\/\/www.kktckamusen.org\/index.php\/wp-json\/wp\/v2\/users\/5"}],"replies":[{"embeddable":true,"href":"https:\/\/www.kktckamusen.org\/index.php\/wp-json\/wp\/v2\/comments?post=883"}],"version-history":[{"count":1,"href":"https:\/\/www.kktckamusen.org\/index.php\/wp-json\/wp\/v2\/posts\/883\/revisions"}],"predecessor-version":[{"id":885,"href":"https:\/\/www.kktckamusen.org\/index.php\/wp-json\/wp\/v2\/posts\/883\/revisions\/885"}],"wp:featuredmedia":[{"embeddable":true,"href":"https:\/\/www.kktckamusen.org\/index.php\/wp-json\/wp\/v2\/media\/884"}],"wp:attachment":[{"href":"https:\/\/www.kktckamusen.org\/index.php\/wp-json\/wp\/v2\/media?parent=883"}],"wp:term":[{"taxonomy":"category","embeddable":true,"href":"https:\/\/www.kktckamusen.org\/index.php\/wp-json\/wp\/v2\/categories?post=883"},{"taxonomy":"post_tag","embeddable":true,"href":"https:\/\/www.kktckamusen.org\/index.php\/wp-json\/wp\/v2\/tags?post=883"}],"curies":[{"name":"wp","href":"https:\/\/api.w.org\/{rel}","templated":true}]}}