{"id":821,"date":"2023-03-02T11:36:28","date_gmt":"2023-03-02T11:36:28","guid":{"rendered":"https:\/\/www.kktckamusen.org\/?p=821"},"modified":"2023-10-18T12:19:28","modified_gmt":"2023-10-18T12:19:28","slug":"kamusen-yardimlari-devam-ediyor","status":"publish","type":"post","link":"https:\/\/www.kktckamusen.org\/index.php\/2023\/03\/02\/kamusen-yardimlari-devam-ediyor\/","title":{"rendered":"Kamusen yard\u0131mlara devam ediyor"},"content":{"rendered":"<div class=\"wp-block-image\">\n<figure class=\"alignleft size-full is-resized\"><img decoding=\"async\" src=\"https:\/\/www.kktckamusen.org\/wp-content\/uploads\/2023\/03\/yardim-kolisi.jpg\" alt=\"\" class=\"wp-image-822\" style=\"width:455px;height:339px\"\/><\/figure><\/div>\n\n\n<p>350 aileye yard\u0131mlar ula\u015ft\u0131r\u0131lmak \u00fczere yola \u00e7\u0131kt\u0131&nbsp;<\/p>\n\n\n\n<p>Kamusen ve Metgin LTD ortak \u00e7al\u0131\u015fmas\u0131 ile T\u00fcrkiye\u2019den KKTC\u2019ye gelen 350 depremzedeye yard\u0131m paketleri adrese teslim olarak da\u011f\u0131t\u0131lacak.&nbsp;<\/p>\n\n\n\n<p>Konuyla ilgili a\u00e7\u0131klamalarda bulunan Kamusen Ba\u015fkan\u0131 Metin Atan, \u201cAc\u0131m\u0131z b\u00fcy\u00fck bu ac\u0131n\u0131n hala daha derin izlerini ta\u015f\u0131yoruz. Bizlerde sendikal\u0131 olarak g\u00fcndemimizde yard\u0131mlar\u0131 tutuyor ve yard\u0131mlarda g\u00f6n\u00fcll\u00fcl\u00fck esas\u0131 ile yola \u00e7\u0131k\u0131yoruz. \u0130nsanlar\u0131n bulundu\u011fu zor durum ve ko\u015fullar\u0131n fark\u0131nday\u0131z umar\u0131m k\u00fc\u00e7\u00fckte olsa bir katk\u0131 olur STK\u2019lar\u0131n bu yard\u0131mlar\u0131 adrese teslim \u015feklinde 350 aileye ula\u015ft\u0131r\u0131lacak. Birlik beraberlik ve dayan\u0131\u015fma i\u00e7inde olmal\u0131y\u0131z\u201d dedi.&nbsp;<\/p>\n\n\n\n<p>\u201cKKTC halk\u0131 bu konularda hassas, d\u00fc\u015f\u00fcnceli ve yard\u0131m\u0131n\u0131 esirgemiyor.&nbsp; Bizlerde Kamusen olarak yard\u0131mlar\u0131m\u0131za devam edece\u011fiz\u201d diyerek yard\u0131mlar\u0131n periyodlar halinde devam edece\u011fini aktaran Atan, yard\u0131mlar\u0131n g\u00f6n\u00fcll\u00fcl\u00fck esas\u0131 ile yap\u0131lmas\u0131 gerekti\u011finin alt\u0131n\u0131 \u00e7izerek, h\u00fck\u00fcmetin yasa g\u00fcc\u00fcnde kararname ile maa\u015flardan kesinti yaparak yard\u0131mlar\u0131n toplanmas\u0131 karar\u0131na bir kez daha kar\u015f\u0131 \u00e7\u0131kt\u0131klar\u0131n\u0131n alt\u0131n\u0131 \u00e7izdi.&nbsp;<\/p>\n\n\n\n<p>Atan, \u201cH\u00fck\u00fcmet kanad\u0131 bir y\u0131l boyunca kesinti konusunda \u0131srarc\u0131 davran\u0131yor. \u0130\u015f insanlar\u0131, -sendikalar, ve STK\u2019lar mecliste bu konudaki g\u00f6r\u00fc\u015flerini bir kez daha aktard\u0131. H\u00fck\u00fcmete g\u00fcvenmiyoruz, bu durumu f\u0131rsata \u00e7evirmek istiyor.&nbsp; Ayr\u0131ca kimsenin bu \u015fekilde maa\u015flardan kesinti yapma yetkisi yoktur. Maa\u015flardan kesinti yap\u0131lacaksa ki\u015finin onay\u0131 olmas\u0131 gereklili\u011fi vard\u0131r. \u201d dedi.<\/p>\n","protected":false},"excerpt":{"rendered":"<p>350 aileye yard\u0131mlar ula\u015ft\u0131r\u0131lmak \u00fczere yola \u00e7\u0131kt\u0131&nbsp; Kamusen ve Metgin LTD ortak \u00e7al\u0131\u015fmas\u0131 ile T\u00fcrkiye\u2019den KKTC\u2019ye gelen 350 depremzedeye yard\u0131m paketleri adrese teslim olarak da\u011f\u0131t\u0131lacak.&nbsp; Konuyla ilgili a\u00e7\u0131klamalarda bulunan Kamusen Ba\u015fkan\u0131 Metin Atan, \u201cAc\u0131m\u0131z b\u00fcy\u00fck bu ac\u0131n\u0131n hala daha derin izlerini ta\u015f\u0131yoruz. Bizlerde sendikal\u0131 olarak g\u00fcndemimizde yard\u0131mlar\u0131 tutuyor ve yard\u0131mlarda g\u00f6n\u00fcll\u00fcl\u00fck esas\u0131 ile yola \u00e7\u0131k\u0131yoruz. [&hellip;]<\/p>\n","protected":false},"author":5,"featured_media":822,"comment_status":"open","ping_status":"open","sticky":false,"template":"","format":"standard","meta":{"tdm_status":"","tdm_grid_status":"","footnotes":""},"categories":[3,1,5],"tags":[],"acf":[],"aioseo_notices":[],"_links":{"self":[{"href":"https:\/\/www.kktckamusen.org\/index.php\/wp-json\/wp\/v2\/posts\/821"}],"collection":[{"href":"https:\/\/www.kktckamusen.org\/index.php\/wp-json\/wp\/v2\/posts"}],"about":[{"href":"https:\/\/www.kktckamusen.org\/index.php\/wp-json\/wp\/v2\/types\/post"}],"author":[{"embeddable":true,"href":"https:\/\/www.kktckamusen.org\/index.php\/wp-json\/wp\/v2\/users\/5"}],"replies":[{"embeddable":true,"href":"https:\/\/www.kktckamusen.org\/index.php\/wp-json\/wp\/v2\/comments?post=821"}],"version-history":[{"count":4,"href":"https:\/\/www.kktckamusen.org\/index.php\/wp-json\/wp\/v2\/posts\/821\/revisions"}],"predecessor-version":[{"id":932,"href":"https:\/\/www.kktckamusen.org\/index.php\/wp-json\/wp\/v2\/posts\/821\/revisions\/932"}],"wp:featuredmedia":[{"embeddable":true,"href":"https:\/\/www.kktckamusen.org\/index.php\/wp-json\/wp\/v2\/media\/822"}],"wp:attachment":[{"href":"https:\/\/www.kktckamusen.org\/index.php\/wp-json\/wp\/v2\/media?parent=821"}],"wp:term":[{"taxonomy":"category","embeddable":true,"href":"https:\/\/www.kktckamusen.org\/index.php\/wp-json\/wp\/v2\/categories?post=821"},{"taxonomy":"post_tag","embeddable":true,"href":"https:\/\/www.kktckamusen.org\/index.php\/wp-json\/wp\/v2\/tags?post=821"}],"curies":[{"name":"wp","href":"https:\/\/api.w.org\/{rel}","templated":true}]}}