{"id":806,"date":"2023-02-01T14:24:15","date_gmt":"2023-02-01T14:24:15","guid":{"rendered":"https:\/\/www.kktckamusen.org\/?p=806"},"modified":"2023-02-01T14:24:18","modified_gmt":"2023-02-01T14:24:18","slug":"kepceyle-alip-kasikla-veremezsiniz","status":"publish","type":"post","link":"https:\/\/www.kktckamusen.org\/index.php\/2023\/02\/01\/kepceyle-alip-kasikla-veremezsiniz\/","title":{"rendered":"Kep\u00e7eyle al\u0131p ka\u015f\u0131kla veremezsiniz"},"content":{"rendered":"\n<p>Zamlarla \u015fok \u00fcst\u00fcne \u015fok ya\u015f\u0131yoruz<\/p>\n\n\n\n<p>Kamusen Ba\u015fkan\u0131 Metin Atan, kat\u0131ld\u0131\u011f\u0131 bir tv program\u0131nda \u00fclke g\u00fcndemini de\u011ferlendirdi.&nbsp; Atan, s\u0131k s\u0131k giden elektrik kesintilerine de de\u011finerek, \u201cHalk b\u0131kt\u0131 art\u0131k, yeter\u201d dedi.&nbsp;<\/p>\n\n\n\n<p><strong>ARTIK YETER!<\/strong><\/p>\n\n\n\n<p>&nbsp;\u201cK\u00f6t\u00fc y\u00f6netili\u015fimizin bedelini \u00f6d\u00fcyoruz.&nbsp; Bir elektri\u011fi bile 50 y\u0131ld\u0131r \u00e7\u00f6zemedik. Ba\u015fka bir \u00fclke bize g\u00fcler. Ayaklar\u0131m\u0131z\u0131n \u00fczerinde duraca\u011f\u0131z diyoruz ama ne ile duraca\u011f\u0131z, her \u015fey darmada\u011f\u0131n hi\u00e7bir i\u015fi bitiremiyoruz. \u0130nsanlar\u0131 karanl\u0131kta b\u0131rak\u0131yorsunuz neyse sorun \u00e7\u00f6z\u00fcn art\u0131k\u201d diyerek isyan eden Atan, y\u00fczde 80\u2019e yak\u0131n yap\u0131lan zamlar\u0131 da ele\u015ftirerek, Zam olacak ki gelir gider dengesi olsun ama kep\u00e7eyle al\u0131p ka\u015f\u0131kla veremezsiniz.&nbsp; &nbsp;Ama bu zamlarla \u015fok \u00fcst\u00fcne \u015fok yarat\u0131yorlar\u201d dedi.&nbsp;<\/p>\n\n\n\n<p><strong>SIKINTILAR KATLANARAK ARTACAK<\/strong><\/p>\n\n\n\n<p>T\u00fcrkiye\u2019de ger\u00e7ekle\u015fecek genel se\u00e7imlerin \u00fclke ekonomisi ve siyasetini de derinden etkileyece\u011fin \u00f6ng\u00f6ren Atan, \u00f6nlem al\u0131nmamaya devam ederse s\u0131k\u0131nt\u0131lar\u0131n katlanarak artaca\u011f\u0131n\u0131, yoksulluk ve d\u00fczensizli\u011fin devam edece\u011fini vurgulad\u0131.&nbsp; Atan, \u201cBir vatan\u0131m\u0131za sahip \u00e7\u0131kamad\u0131k. Elektri\u011fimiz yok, sa\u011fl\u0131k d\u00f6k\u00fcl\u00fcyor, ila\u00e7 kalmad\u0131, \u00e7al\u0131\u015fma hayat\u0131 yok, e\u011fitim ayn\u0131, h\u00fck\u00fcmetin yap\u0131s\u0131nda de\u011fi\u015fen bir \u015fey yok. Dinamiklerin \u00e7al\u0131\u015fmad\u0131\u011f\u0131 bir \u00fclkede s\u0131k\u0131nt\u0131lar var oluyor\u201d \u015feklinde konu\u015ftu.&nbsp;<\/p>\n\n\n\n<p><strong>SINAVSIZ ALIM E\u015e\u0130TL\u0130K \u0130LKES\u0130NE AYKIRIDIR<\/strong><\/p>\n\n\n\n<p>Kamu i\u015f\u00e7isi olarak 55 ki\u015finin istihdam edece\u011fi y\u00f6n\u00fcndeki haberleri de sert bir dille ele\u015ftiren Atan, yap\u0131lacak bu atamalar\u0131n e\u015fitlik ilkesine ayr\u0131 oldu\u011funu belirterek, s\u0131nav sistemi ile al\u0131m yap\u0131lmas\u0131 gerekti\u011fini savundu.&nbsp;<\/p>\n\n\n\n<p><strong>BU G\u0130D\u0130\u015eATLA G\u00dcNE\u015eL\u0130 G\u00dcNLER G\u00d6RMEYE \u00d6MR\u00dcM\u00dcZ YETMEYECEK<\/strong><\/p>\n\n\n<div class=\"wp-block-image\">\n<figure class=\"alignleft size-large\"><img decoding=\"async\" loading=\"lazy\" width=\"768\" height=\"1024\" src=\"https:\/\/www.kktckamusen.org\/wp-content\/uploads\/2023\/02\/METIN-ATAN-FOTOGRAF-768x1024.jpg\" alt=\"\" class=\"wp-image-807\" srcset=\"https:\/\/www.kktckamusen.org\/wp-content\/uploads\/2023\/02\/METIN-ATAN-FOTOGRAF-768x1024.jpg 768w, https:\/\/www.kktckamusen.org\/wp-content\/uploads\/2023\/02\/METIN-ATAN-FOTOGRAF-225x300.jpg 225w, https:\/\/www.kktckamusen.org\/wp-content\/uploads\/2023\/02\/METIN-ATAN-FOTOGRAF-1152x1536.jpg 1152w, https:\/\/www.kktckamusen.org\/wp-content\/uploads\/2023\/02\/METIN-ATAN-FOTOGRAF-696x928.jpg 696w, https:\/\/www.kktckamusen.org\/wp-content\/uploads\/2023\/02\/METIN-ATAN-FOTOGRAF-1068x1424.jpg 1068w, https:\/\/www.kktckamusen.org\/wp-content\/uploads\/2023\/02\/METIN-ATAN-FOTOGRAF-315x420.jpg 315w, https:\/\/www.kktckamusen.org\/wp-content\/uploads\/2023\/02\/METIN-ATAN-FOTOGRAF.jpg 1536w\" sizes=\"(max-width: 768px) 100vw, 768px\" \/><\/figure><\/div>\n\n\n<p>Son olarak Din \u0130\u015fleri Ba\u015fkan\u0131 Ahmet \u00dcnsal\u2019\u0131n konu\u015fmalar\u0131n\u0131 \u00f6rnek g\u00f6steren Atan,&nbsp; \u201cBir Din \u0130\u015fleri Ba\u015fkan\u0131\u2019n\u0131n aymazl\u0131\u011f\u0131 ile ileri geri konu\u015ftu. Ba\u015fbakan soru\u015fturma ba\u015flatt\u0131. Peki, ne yapt\u0131? Merak ediyorum.&nbsp; Erhan Ar\u0131kl\u0131\u2019da mecliste bu olaya arka \u00e7\u0131k\u0131yor.&nbsp; Bizi bu \u00fclkede bu ki\u015filer y\u00f6netiyor bizde bunlarla birlikte y\u00fcr\u00fcy\u00fcp g\u00fczel g\u00fcne\u015fli g\u00fcnler mi g\u00f6rece\u011fiz bu gidi\u015fatla bizim \u00f6mr\u00fcm\u00fcz yetmeyecek\u201d dedi.<\/p>\n\n\n\n\n","protected":false},"excerpt":{"rendered":"<p>Zamlarla \u015fok \u00fcst\u00fcne \u015fok ya\u015f\u0131yoruz Kamusen Ba\u015fkan\u0131 Metin Atan, kat\u0131ld\u0131\u011f\u0131 bir tv program\u0131nda \u00fclke g\u00fcndemini de\u011ferlendirdi.&nbsp; Atan, s\u0131k s\u0131k giden elektrik kesintilerine de de\u011finerek, \u201cHalk b\u0131kt\u0131 art\u0131k, yeter\u201d dedi.&nbsp; ARTIK YETER! &nbsp;\u201cK\u00f6t\u00fc y\u00f6netili\u015fimizin bedelini \u00f6d\u00fcyoruz.&nbsp; Bir elektri\u011fi bile 50 y\u0131ld\u0131r \u00e7\u00f6zemedik. Ba\u015fka bir \u00fclke bize g\u00fcler. Ayaklar\u0131m\u0131z\u0131n \u00fczerinde duraca\u011f\u0131z diyoruz ama ne ile duraca\u011f\u0131z, her [&hellip;]<\/p>\n","protected":false},"author":5,"featured_media":0,"comment_status":"open","ping_status":"open","sticky":false,"template":"","format":"standard","meta":{"tdm_status":"","tdm_grid_status":"","footnotes":""},"categories":[1],"tags":[],"acf":[],"aioseo_notices":[],"_links":{"self":[{"href":"https:\/\/www.kktckamusen.org\/index.php\/wp-json\/wp\/v2\/posts\/806"}],"collection":[{"href":"https:\/\/www.kktckamusen.org\/index.php\/wp-json\/wp\/v2\/posts"}],"about":[{"href":"https:\/\/www.kktckamusen.org\/index.php\/wp-json\/wp\/v2\/types\/post"}],"author":[{"embeddable":true,"href":"https:\/\/www.kktckamusen.org\/index.php\/wp-json\/wp\/v2\/users\/5"}],"replies":[{"embeddable":true,"href":"https:\/\/www.kktckamusen.org\/index.php\/wp-json\/wp\/v2\/comments?post=806"}],"version-history":[{"count":1,"href":"https:\/\/www.kktckamusen.org\/index.php\/wp-json\/wp\/v2\/posts\/806\/revisions"}],"predecessor-version":[{"id":808,"href":"https:\/\/www.kktckamusen.org\/index.php\/wp-json\/wp\/v2\/posts\/806\/revisions\/808"}],"wp:attachment":[{"href":"https:\/\/www.kktckamusen.org\/index.php\/wp-json\/wp\/v2\/media?parent=806"}],"wp:term":[{"taxonomy":"category","embeddable":true,"href":"https:\/\/www.kktckamusen.org\/index.php\/wp-json\/wp\/v2\/categories?post=806"},{"taxonomy":"post_tag","embeddable":true,"href":"https:\/\/www.kktckamusen.org\/index.php\/wp-json\/wp\/v2\/tags?post=806"}],"curies":[{"name":"wp","href":"https:\/\/api.w.org\/{rel}","templated":true}]}}