{"id":794,"date":"2022-11-25T08:21:35","date_gmt":"2022-11-25T08:21:35","guid":{"rendered":"https:\/\/www.kktckamusen.org\/?p=794"},"modified":"2022-11-25T08:30:23","modified_gmt":"2022-11-25T08:30:23","slug":"siddete-tacize-ve-mobbinge-sifir-tolerans","status":"publish","type":"post","link":"https:\/\/www.kktckamusen.org\/index.php\/2022\/11\/25\/siddete-tacize-ve-mobbinge-sifir-tolerans\/","title":{"rendered":"\u201c\u015eiddete\u201d, \u201cTacize\u201d ve \u201cMobbinge\u201d; \u201cSIFIR TOLERANS"},"content":{"rendered":"\n<p>Birle\u015fmi\u015f Milletler\u2019 in 1999 y\u0131l\u0131nda al\u0131nan bir karar\u0131 ile 25 Kas\u0131m, \u201cKad\u0131na Y\u00f6nelik \u015eiddete kar\u015f\u0131 uluslararas\u0131 dayan\u0131\u015fma g\u00fcn\u00fc\u201d olarak ilan edilmi\u015f ve her y\u0131l t\u00fcm d\u00fcnyada oldu\u011fu gibi \u00fclkemizde de \u015fiddetten hayat\u0131n\u0131 kaybeden kad\u0131nlar\u0131m\u0131z an\u0131lmaktad\u0131r.&nbsp;<\/p>\n\n\n\n<p>&nbsp;&nbsp;&nbsp;&nbsp;&nbsp; &nbsp; <strong><em>\u015eiddet, bireylerin yaralanmas\u0131na, \u00f6l\u00fcm\u00fcne, sindirilmesine, \u00f6fkelenmesine veya duygusal bask\u0131 alt\u0131na al\u0131nmas\u0131na yol a\u00e7an davran\u0131\u015f veya yakla\u015f\u0131mlard\u0131r.<\/em><\/strong> Ki\u015finin psikolojik, fiziksel ve cinsel sa\u011fl\u0131\u011f\u0131n\u0131 sayg\u0131nl\u0131\u011f\u0131n\u0131, aile ve sosyal \u00e7evresini etkiledi\u011fi gibi kamusal ve \u00f6zel hizmetlerin kalitesini d\u00fc\u015f\u00fcrmekte ve yoksullu\u011fa yol a\u00e7maktad\u0131r.<\/p>\n\n\n\n<p>S\u00f6z konusu \u015fiddet i\u00e7erikli davran\u0131\u015flardan \u00f6zellikle kad\u0131nlar ve \u00e7ocuklar etkilenmektedir. \u0130nsanlar\u0131n, \u00f6zellikle kad\u0131nlar\u0131n i\u015f g\u00fcc\u00fc piyasas\u0131na eri\u015fimini engelledi\u011finden dolay\u0131 toplumun ekonomik geli\u015fmesini sekteye u\u011fratmaktad\u0131r. Bu insanl\u0131k d\u0131\u015f\u0131 hareketlerin \u00f6nlenmesinde; toplumsal cinsiyete dayal\u0131 \u015fiddet ve tacizin kad\u0131n ve k\u0131z \u00e7ocuklar\u0131n\u0131 orant\u0131s\u0131z \u015fekilde etkiledi\u011fi gibi toplumsal cinsiyet kal\u0131p yarg\u0131lar\u0131, \u00e7oklu ve kesi\u015fen ayr\u0131mc\u0131l\u0131k bi\u00e7imleri ve e\u015fit olmayan toplumsal cinsiyete dayal\u0131 g\u00fc\u00e7 ili\u015fkilerinde, temel neden ve risk fakt\u00f6rlerini ele alan kapsay\u0131c\u0131, b\u00fct\u00fcnl\u00fck\u00e7\u00fc ve toplumsal cinsiyete duyarl\u0131 bir yakla\u015f\u0131m\u0131n aile i\u00e7i \u015fiddet ve tacize son vermek i\u00e7in yasalar\u0131n yap\u0131lmas\u0131 gerekmektedir. Bu ba\u011flamda h\u00fck\u00fcmetler, toplumun t\u00fcm kesimlerini g\u00f6revlendiren \u201c<strong><em>ulusal eylem planlar\u0131<\/em><\/strong>\u201d yapmak zorundad\u0131rlar.&nbsp;<\/p>\n\n\n\n<p>&nbsp;&nbsp;&nbsp; KAMUSEN Kad\u0131n ve \u00c7ocuk Haklar\u0131 Komitesi olarak kad\u0131na y\u00f6nelik \u015fiddeti; <strong><em>\u201ctopluma yap\u0131lan en b\u00fcy\u00fck ahlak d\u0131\u015f\u0131 hareket\u201d ve \u201cbir insanl\u0131k hakk\u0131 ihlali\u201d<\/em><\/strong> oldu\u011funu savunarak aile i\u00e7i \u015fiddetten hayat\u0131n\u0131 kaybeden kad\u0131nlar\u0131m\u0131z\u0131 ve \u00e7ocuklar\u0131m\u0131z\u0131 sayg\u0131, minnet ve rahmetle an\u0131yoruz. &nbsp;Bu ba\u011flamda H\u00fck\u00fcmetimizden a\u015fa\u011f\u0131da belirttiklerimizin yap\u0131lmas\u0131n\u0131 talep etmekteyiz. &nbsp;&nbsp;<\/p>\n\n\n\n<ol type=\"1\"><li>Uluslararas\u0131 \u00c7al\u0131\u015fma \u00d6rg\u00fct\u00fc\u2019n\u00fcn 2019 y\u0131l\u0131nda yay\u0131nlad\u0131\u011f\u0131 <strong><em>\u201c\u00c7al\u0131\u015fma Ya\u015fam\u0131nda \u015eiddet ve Tacizin Ortadan Kald\u0131r\u0131lmas\u0131na\u201d ili\u015fkin \u201cILO190\u201d<\/em><\/strong> say\u0131l\u0131 s\u00f6zle\u015fmeyi KKTC Meclisinde kabul edilmesini ve yasalla\u015ft\u0131r\u0131lmas\u0131n\u0131,<\/li><\/ol>\n\n\n\n<ul><li>\u0130\u015f yerlerinde ya\u015fanan psikolojik tacizin (MOBBING) \u00f6nlenmesi i\u00e7in devlet kurumlar\u0131nda mekanizmalar kurularak Mobbing ve cinsel taciz de\u011ferlendirmesinde al\u0131nacak kararlarda yasal yapt\u0131r\u0131m g\u00fcc\u00fcn\u00fcn sa\u011flanmas\u0131n\u0131,<\/li><\/ul>\n\n\n\n<ul><li>Toplumsal Cinsiyet E\u015fitli\u011fi Dairesi\u2019nin t\u00fcm kadrolar\u0131n\u0131n bir an \u00f6nce tam olarak doldurulmas\u0131n\u0131 ve tam rand\u0131manl\u0131 \u00e7al\u0131\u015fmas\u0131n\u0131n sa\u011flanmas\u0131n\u0131,<\/li><\/ul>\n\n\n\n<ul><li>Toplumsal Cinsiyet E\u015fitli\u011fi Dairesi (Kurulu\u015f, G\u00f6rev ve \u00c7al\u0131\u015fma Esaslar\u0131) Yasas\u0131nda bulunan \u201cToplamsal Cinsiyet E\u015fitli\u011fi Dan\u0131\u015fma ve \u0130zlemem Konseyinin\u201d \u00e7al\u0131\u015fmalar\u0131nda, yasas\u0131n gereklerini yerine getirerek sendikalar\u0131nda yerlerine al\u0131nmalar\u0131n\u0131 ve<\/li><\/ul>\n\n\n\n<ul><li>\u00c7ocuklara yap\u0131lan her t\u00fcrl\u00fc \u015fiddet (cinsel, ekonomik, fiziksel ve psikolojik) ve istismarlarla ilgili ivedilikle yasalar\u0131n ve gerekli tedbirlerin al\u0131nmas\u0131n\u0131 ve bu konularda ana-babalara e\u011fitici programlar d\u00fczenleyerek kampanyalar\u0131n yap\u0131lmas\u0131n\u0131 talep etmekteyiz.<\/li><\/ul>\n\n\n\n<p>&nbsp;&nbsp;&nbsp;&nbsp;&nbsp;&nbsp;&nbsp;&nbsp;&nbsp;&nbsp;&nbsp; KAMUSEN Kad\u0131n ve \u00c7ocuk Haklar\u0131 Komitesi olarak yukar\u0131da bahsedilen ve yap\u0131lmas\u0131 gerekenlerde eme\u011fimiz ile h\u00fck\u00fcmetimize katk\u0131 olmaya haz\u0131r oldu\u011fumuzu bildirir, \u00fclkemizde ya\u015fan\u0131lan \u201cayr\u0131mc\u0131l\u0131\u011fa\u201d, \u201c\u015eiddete\u201d, \u201cTacize\u201d ve \u201cMobbinge\u201d; \u201cSIFIR TOLERANS\u201d diyoruz.<\/p>\n\n\n\n<p>&nbsp;&nbsp;&nbsp;&nbsp;&nbsp;&nbsp;&nbsp;&nbsp;&nbsp;&nbsp;&nbsp;&nbsp;&nbsp;&nbsp;&nbsp;&nbsp;&nbsp;&nbsp;&nbsp;&nbsp;&nbsp;&nbsp;&nbsp;&nbsp;&nbsp;&nbsp;&nbsp;&nbsp;&nbsp;&nbsp;&nbsp;&nbsp;&nbsp;&nbsp;&nbsp;&nbsp;&nbsp;&nbsp;&nbsp;&nbsp;&nbsp;&nbsp;&nbsp;&nbsp;&nbsp;&nbsp;&nbsp;&nbsp;&nbsp;&nbsp;&nbsp;&nbsp;&nbsp;&nbsp;&nbsp;&nbsp;&nbsp;&nbsp;&nbsp;&nbsp;&nbsp;&nbsp;&nbsp;&nbsp;&nbsp;&nbsp;&nbsp;&nbsp;&nbsp;&nbsp;&nbsp; <strong>Ay\u015fe \u00d6zdemira\u011f<\/strong><\/p>\n\n\n\n<p><em>&nbsp;&nbsp;&nbsp;&nbsp;&nbsp;&nbsp;&nbsp;&nbsp;&nbsp;&nbsp;&nbsp;&nbsp;&nbsp;&nbsp;&nbsp;&nbsp;&nbsp;&nbsp;&nbsp;&nbsp;&nbsp;&nbsp;&nbsp;&nbsp;&nbsp;&nbsp;&nbsp;&nbsp;&nbsp;&nbsp;&nbsp;&nbsp;&nbsp;&nbsp;&nbsp;&nbsp;&nbsp;&nbsp;&nbsp;&nbsp;&nbsp;&nbsp;&nbsp;&nbsp;&nbsp;&nbsp;&nbsp;&nbsp;&nbsp;&nbsp;&nbsp;&nbsp;&nbsp;&nbsp;&nbsp;&nbsp;&nbsp; Toplumsal Cinsiyet E\u015fitli\u011fi Sekreteri&nbsp;<\/em><\/p>\n\n\n\n<p><em>&nbsp;&nbsp;&nbsp;&nbsp;&nbsp;&nbsp;&nbsp;&nbsp;&nbsp;&nbsp;&nbsp;&nbsp;&nbsp;&nbsp;&nbsp;&nbsp;&nbsp;&nbsp;&nbsp;&nbsp;&nbsp;&nbsp;&nbsp;&nbsp;&nbsp;&nbsp;&nbsp;&nbsp;&nbsp;&nbsp;&nbsp;&nbsp;&nbsp;&nbsp;&nbsp;&nbsp;&nbsp;&nbsp;&nbsp;&nbsp;&nbsp;&nbsp;&nbsp;&nbsp;&nbsp;&nbsp;&nbsp;&nbsp;&nbsp;&nbsp;&nbsp;&nbsp; Kad\u0131n ve \u00c7ocuk Haklar\u0131 Komite Ba\u015fkan\u0131<\/em><\/p>\n","protected":false},"excerpt":{"rendered":"<p>Birle\u015fmi\u015f Milletler\u2019 in 1999 y\u0131l\u0131nda al\u0131nan bir karar\u0131 ile 25 Kas\u0131m, \u201cKad\u0131na Y\u00f6nelik \u015eiddete kar\u015f\u0131 uluslararas\u0131 dayan\u0131\u015fma g\u00fcn\u00fc\u201d olarak ilan edilmi\u015f ve her y\u0131l t\u00fcm d\u00fcnyada oldu\u011fu gibi \u00fclkemizde de \u015fiddetten hayat\u0131n\u0131 kaybeden kad\u0131nlar\u0131m\u0131z an\u0131lmaktad\u0131r.&nbsp; &nbsp;&nbsp;&nbsp;&nbsp;&nbsp; &nbsp; \u015eiddet, bireylerin yaralanmas\u0131na, \u00f6l\u00fcm\u00fcne, sindirilmesine, \u00f6fkelenmesine veya duygusal bask\u0131 alt\u0131na al\u0131nmas\u0131na yol a\u00e7an davran\u0131\u015f veya yakla\u015f\u0131mlard\u0131r. Ki\u015finin psikolojik, [&hellip;]<\/p>\n","protected":false},"author":5,"featured_media":789,"comment_status":"open","ping_status":"open","sticky":false,"template":"","format":"standard","meta":{"tdm_status":"","tdm_grid_status":"","footnotes":""},"categories":[1],"tags":[],"acf":[],"aioseo_notices":[],"_links":{"self":[{"href":"https:\/\/www.kktckamusen.org\/index.php\/wp-json\/wp\/v2\/posts\/794"}],"collection":[{"href":"https:\/\/www.kktckamusen.org\/index.php\/wp-json\/wp\/v2\/posts"}],"about":[{"href":"https:\/\/www.kktckamusen.org\/index.php\/wp-json\/wp\/v2\/types\/post"}],"author":[{"embeddable":true,"href":"https:\/\/www.kktckamusen.org\/index.php\/wp-json\/wp\/v2\/users\/5"}],"replies":[{"embeddable":true,"href":"https:\/\/www.kktckamusen.org\/index.php\/wp-json\/wp\/v2\/comments?post=794"}],"version-history":[{"count":2,"href":"https:\/\/www.kktckamusen.org\/index.php\/wp-json\/wp\/v2\/posts\/794\/revisions"}],"predecessor-version":[{"id":800,"href":"https:\/\/www.kktckamusen.org\/index.php\/wp-json\/wp\/v2\/posts\/794\/revisions\/800"}],"wp:featuredmedia":[{"embeddable":true,"href":"https:\/\/www.kktckamusen.org\/index.php\/wp-json\/wp\/v2\/media\/789"}],"wp:attachment":[{"href":"https:\/\/www.kktckamusen.org\/index.php\/wp-json\/wp\/v2\/media?parent=794"}],"wp:term":[{"taxonomy":"category","embeddable":true,"href":"https:\/\/www.kktckamusen.org\/index.php\/wp-json\/wp\/v2\/categories?post=794"},{"taxonomy":"post_tag","embeddable":true,"href":"https:\/\/www.kktckamusen.org\/index.php\/wp-json\/wp\/v2\/tags?post=794"}],"curies":[{"name":"wp","href":"https:\/\/api.w.org\/{rel}","templated":true}]}}