{"id":784,"date":"2022-11-10T06:22:19","date_gmt":"2022-11-10T06:22:19","guid":{"rendered":"https:\/\/www.kktckamusen.org\/?p=784"},"modified":"2022-11-25T08:25:36","modified_gmt":"2022-11-25T08:25:36","slug":"784","status":"publish","type":"post","link":"https:\/\/www.kktckamusen.org\/index.php\/2022\/11\/10\/784\/","title":{"rendered":""},"content":{"rendered":"\n<p>ATAN; \u201cBEDEN\u0130 EBED\u0130YETE \u0130NT\u0130KAL ETSE DE YARATTI\u011eI ESERLERLE SONSUZA DEK YA\u015eAYACAK\u201d<\/p>\n\n\n\n<p>KAMUSEN Genel Ba\u015fkan\u0131 Metin Atan, T\u00fcrkiye Cumhuriyeti&#8217;nin kurucusu Mustafa Kemal Atat\u00fcrk&#8217;\u00fcn vefat\u0131n\u0131n 84. Y\u0131ld\u00f6n\u00fcm\u00fc dolay\u0131s\u0131yla mesaj yay\u0131mlad\u0131.<\/p>\n\n\n\n<p>Atan mesaj\u0131nda, \u201c 57 y\u0131ll\u0131k ya\u015fam\u0131n\u0131 T\u00fcrk milletine adayan lider, T\u00fcrkiye Cumhuriyeti\u2019nin kurucu Gazi Mustafa Kemal Atat\u00fcrk, T\u00fcrk milletine in\u015fa etti\u011fi eserlerle sonsuza dek ya\u015famaya devam edecek. Her 10 Kas\u0131m&#8217;da oldu\u011fu gibi bu 10 Kas\u0131m&#8217;da da Atat\u00fcrk&#8217;e olan ba\u011fl\u0131l\u0131\u011f\u0131m\u0131z\u0131 ve sevgimizi ortak d\u00fc\u015f\u00fcnce ve duygularla bir kez daha dile getiriyor, bedeninin ebediyete intikalinin 84\u2019\u00fcnc\u00fc y\u0131l d\u00f6n\u00fcm\u00fcnde O\u2019nu sayg\u0131, rahmet ve minnetle an\u0131yorum.\u201d \u0130fadelerine yer verdi.<\/p>\n\n\n\n<figure class=\"wp-block-gallery has-nested-images columns-default is-cropped wp-block-gallery-1 is-layout-flex wp-block-gallery-is-layout-flex\">\n<figure class=\"wp-block-image size-large\"><img decoding=\"async\" loading=\"lazy\" width=\"1024\" height=\"1024\" data-id=\"785\" src=\"https:\/\/www.kktckamusen.org\/wp-content\/uploads\/2022\/11\/ATATURK-RESIM-1024x1024.jpg\" alt=\"\" class=\"wp-image-785\" srcset=\"https:\/\/www.kktckamusen.org\/wp-content\/uploads\/2022\/11\/ATATURK-RESIM-1024x1024.jpg 1024w, https:\/\/www.kktckamusen.org\/wp-content\/uploads\/2022\/11\/ATATURK-RESIM-300x300.jpg 300w, https:\/\/www.kktckamusen.org\/wp-content\/uploads\/2022\/11\/ATATURK-RESIM-150x150.jpg 150w, https:\/\/www.kktckamusen.org\/wp-content\/uploads\/2022\/11\/ATATURK-RESIM-768x768.jpg 768w, https:\/\/www.kktckamusen.org\/wp-content\/uploads\/2022\/11\/ATATURK-RESIM-1536x1536.jpg 1536w, https:\/\/www.kktckamusen.org\/wp-content\/uploads\/2022\/11\/ATATURK-RESIM-696x696.jpg 696w, https:\/\/www.kktckamusen.org\/wp-content\/uploads\/2022\/11\/ATATURK-RESIM-1068x1068.jpg 1068w, https:\/\/www.kktckamusen.org\/wp-content\/uploads\/2022\/11\/ATATURK-RESIM-420x420.jpg 420w, https:\/\/www.kktckamusen.org\/wp-content\/uploads\/2022\/11\/ATATURK-RESIM.jpg 1600w\" sizes=\"(max-width: 1024px) 100vw, 1024px\" \/><\/figure>\n<\/figure>\n","protected":false},"excerpt":{"rendered":"<p>ATAN; \u201cBEDEN\u0130 EBED\u0130YETE \u0130NT\u0130KAL ETSE DE YARATTI\u011eI ESERLERLE SONSUZA DEK YA\u015eAYACAK\u201d KAMUSEN Genel Ba\u015fkan\u0131 Metin Atan, T\u00fcrkiye Cumhuriyeti&#8217;nin kurucusu Mustafa Kemal Atat\u00fcrk&#8217;\u00fcn vefat\u0131n\u0131n 84. Y\u0131ld\u00f6n\u00fcm\u00fc dolay\u0131s\u0131yla mesaj yay\u0131mlad\u0131. Atan mesaj\u0131nda, \u201c 57 y\u0131ll\u0131k ya\u015fam\u0131n\u0131 T\u00fcrk milletine adayan lider, T\u00fcrkiye Cumhuriyeti\u2019nin kurucu Gazi Mustafa Kemal Atat\u00fcrk, T\u00fcrk milletine in\u015fa etti\u011fi eserlerle sonsuza dek ya\u015famaya devam edecek. [&hellip;]<\/p>\n","protected":false},"author":5,"featured_media":785,"comment_status":"open","ping_status":"open","sticky":false,"template":"","format":"standard","meta":{"tdm_status":"","tdm_grid_status":"","footnotes":""},"categories":[1],"tags":[],"acf":[],"aioseo_notices":[],"_links":{"self":[{"href":"https:\/\/www.kktckamusen.org\/index.php\/wp-json\/wp\/v2\/posts\/784"}],"collection":[{"href":"https:\/\/www.kktckamusen.org\/index.php\/wp-json\/wp\/v2\/posts"}],"about":[{"href":"https:\/\/www.kktckamusen.org\/index.php\/wp-json\/wp\/v2\/types\/post"}],"author":[{"embeddable":true,"href":"https:\/\/www.kktckamusen.org\/index.php\/wp-json\/wp\/v2\/users\/5"}],"replies":[{"embeddable":true,"href":"https:\/\/www.kktckamusen.org\/index.php\/wp-json\/wp\/v2\/comments?post=784"}],"version-history":[{"count":1,"href":"https:\/\/www.kktckamusen.org\/index.php\/wp-json\/wp\/v2\/posts\/784\/revisions"}],"predecessor-version":[{"id":786,"href":"https:\/\/www.kktckamusen.org\/index.php\/wp-json\/wp\/v2\/posts\/784\/revisions\/786"}],"wp:featuredmedia":[{"embeddable":true,"href":"https:\/\/www.kktckamusen.org\/index.php\/wp-json\/wp\/v2\/media\/785"}],"wp:attachment":[{"href":"https:\/\/www.kktckamusen.org\/index.php\/wp-json\/wp\/v2\/media?parent=784"}],"wp:term":[{"taxonomy":"category","embeddable":true,"href":"https:\/\/www.kktckamusen.org\/index.php\/wp-json\/wp\/v2\/categories?post=784"},{"taxonomy":"post_tag","embeddable":true,"href":"https:\/\/www.kktckamusen.org\/index.php\/wp-json\/wp\/v2\/tags?post=784"}],"curies":[{"name":"wp","href":"https:\/\/api.w.org\/{rel}","templated":true}]}}