{"id":780,"date":"2022-10-24T11:34:06","date_gmt":"2022-10-24T11:34:06","guid":{"rendered":"https:\/\/www.kktckamusen.org\/?p=780"},"modified":"2022-10-24T11:34:09","modified_gmt":"2022-10-24T11:34:09","slug":"kamusenden-torpille-yapilan-gecici-isci-istihdamlarina-tepki","status":"publish","type":"post","link":"https:\/\/www.kktckamusen.org\/index.php\/2022\/10\/24\/kamusenden-torpille-yapilan-gecici-isci-istihdamlarina-tepki\/","title":{"rendered":"KAMUSEN\u2019DEN TORP\u0130LLE YAPILAN GE\u00c7\u0130C\u0130 \u0130\u015e\u00c7\u0130 \u0130ST\u0130HDAMLARINA TEPK\u0130!"},"content":{"rendered":"\n<p>Belediye se\u00e7imleri arifesinde ekonomik y\u0131k\u0131m\u0131n ya\u015fand\u0131\u011f\u0131 bu g\u00fcnlerde, h\u00fck\u00fcmet taraf\u0131ndan liyakatten uzak adaletsizce ve partizanca ge\u00e7ici i\u015f\u00e7i ad\u0131 alt\u0131nda istihdam yap\u0131lmaya devam edilmektedir.<\/p>\n\n\n\n<p>Hat\u0131rlat\u0131r\u0131z ki anayasan\u0131n 120.maddesine g\u00f6re \u2018\u2019Devlette genel y\u00f6netim ilkelerine g\u00f6re y\u00fcr\u00fct\u00fclmekte oldu\u011fu Kamu Hizmetlerinin gerektirdi\u011fi as\u0131l ve s\u00fcrekli g\u00f6revler kamu g\u00f6revlileri eli ile y\u00fcr\u00fct\u00fcl\u00fcr\u2019\u2019 ibaresi vard\u0131r. Anayasa\u2019ya ayk\u0131r\u0131 olan bu uygulamay\u0131 Kamusen olarak kabul etmemiz m\u00fcmk\u00fcn de\u011fildir.<\/p>\n\n\n\n<p>Liyakate dayal\u0131 mevcut bo\u015f kadrolar\u0131 a\u00e7\u0131p ilan edip doldurmak yerine, h\u00fck\u00fcmet edenler kolayc\u0131l\u0131kla ge\u00e7ici i\u015f\u00e7i istihdam\u0131na gitmesi kabul edilemez. Tapu Dairesi, Sosyal Sigortalar, Ara\u00e7 Kay\u0131t Dairesi, Gelir ve Vergi Dairesi gibi devlete gelir getiren dairelere torpil ile yanda\u015f olanlara yap\u0131lan istihdamlar g\u00f6z ard\u0131 edilmektedir ve ihtiya\u00e7 duyulan dairelerin eksik kadrolar\u0131 doldurulmamaktad\u0131r.&nbsp;<\/p>\n\n\n\n<p>H\u00fck\u00fcmetin bu yap\u0131lan uygulamalara ivedi bir \u015fekilde durdurmas\u0131n\u0131 aksi takdirde sendikam\u0131z\u0131n eylem ve grev d\u00e2hil yasal olan hukuksal t\u00fcm haklar\u0131m\u0131z\u0131 kullanaca\u011f\u0131m\u0131z\u0131, bu yasal ve liyakate dayal\u0131 olmayan i\u015f\u00e7i istihdamlar\u0131n\u0131 k\u0131nad\u0131\u011f\u0131m\u0131z\u0131 kamuoyuna bildiririz.<\/p>\n\n\n\n<p>&nbsp;&nbsp;&nbsp;&nbsp;&nbsp;&nbsp;&nbsp;&nbsp;&nbsp;&nbsp;&nbsp;&nbsp;&nbsp;&nbsp;&nbsp;&nbsp;&nbsp;&nbsp;&nbsp;&nbsp;&nbsp;&nbsp;&nbsp;&nbsp;&nbsp;&nbsp;&nbsp;&nbsp;&nbsp;&nbsp;&nbsp;&nbsp;&nbsp;&nbsp;&nbsp;&nbsp;&nbsp;&nbsp;&nbsp;&nbsp;&nbsp;&nbsp;&nbsp;&nbsp;&nbsp;&nbsp;&nbsp;&nbsp;&nbsp;&nbsp;&nbsp;&nbsp;&nbsp;&nbsp;&nbsp;&nbsp;&nbsp;&nbsp;&nbsp;&nbsp;&nbsp;&nbsp;&nbsp;&nbsp;&nbsp;&nbsp;&nbsp;&nbsp;&nbsp;&nbsp;&nbsp;&nbsp;&nbsp;&nbsp;&nbsp;&nbsp;&nbsp;&nbsp;&nbsp;&nbsp;&nbsp;&nbsp;&nbsp;&nbsp;&nbsp;&nbsp;&nbsp;&nbsp;&nbsp;&nbsp;&nbsp;&nbsp;&nbsp;&nbsp;&nbsp;&nbsp;&nbsp;&nbsp; Metin ATAN<\/p>\n\n\n\n<p>&nbsp;&nbsp;&nbsp;&nbsp;&nbsp;&nbsp;&nbsp;&nbsp;&nbsp;&nbsp;&nbsp;&nbsp;&nbsp;&nbsp;&nbsp;&nbsp;&nbsp;&nbsp;&nbsp;&nbsp;&nbsp;&nbsp;&nbsp;&nbsp;&nbsp;&nbsp;&nbsp;&nbsp;&nbsp;&nbsp;&nbsp;&nbsp;&nbsp;&nbsp;&nbsp;&nbsp;&nbsp;&nbsp;&nbsp;&nbsp;&nbsp;&nbsp;&nbsp;&nbsp;&nbsp;&nbsp;&nbsp;&nbsp;&nbsp;&nbsp;&nbsp;&nbsp;&nbsp;&nbsp;&nbsp;&nbsp;&nbsp;&nbsp;&nbsp;&nbsp;&nbsp;&nbsp;&nbsp;&nbsp;&nbsp;&nbsp;&nbsp;&nbsp;&nbsp;&nbsp;&nbsp;&nbsp;&nbsp;&nbsp;&nbsp;&nbsp;&nbsp;&nbsp;&nbsp;&nbsp;&nbsp;&nbsp;&nbsp;&nbsp;&nbsp;&nbsp;&nbsp;&nbsp;&nbsp;&nbsp;&nbsp;&nbsp; Kamusen Genel Ba\u015fkan\u0131<\/p>\n\n\n\n\n\n<figure class=\"wp-block-gallery has-nested-images columns-default is-cropped wp-block-gallery-1 is-layout-flex wp-block-gallery-is-layout-flex\">\n<figure class=\"wp-block-image size-large\"><img decoding=\"async\" loading=\"lazy\" width=\"613\" height=\"347\" data-id=\"781\" src=\"https:\/\/www.kktckamusen.org\/wp-content\/uploads\/2022\/10\/LOGO-KUCUK.jpg\" alt=\"\" class=\"wp-image-781\" srcset=\"https:\/\/www.kktckamusen.org\/wp-content\/uploads\/2022\/10\/LOGO-KUCUK.jpg 613w, https:\/\/www.kktckamusen.org\/wp-content\/uploads\/2022\/10\/LOGO-KUCUK-300x170.jpg 300w\" sizes=\"(max-width: 613px) 100vw, 613px\" \/><\/figure>\n<\/figure>\n\n\n\n<figure class=\"wp-block-gallery has-nested-images columns-default is-cropped wp-block-gallery-3 is-layout-flex wp-block-gallery-is-layout-flex\"><\/figure>\n\n\n\n\n\n\n\n\n<ul class=\"wp-block-archives-list wp-block-archives\">\t<li><a href='https:\/\/www.kktckamusen.org\/index.php\/2026\/03\/'>Mart 2026<\/a><\/li>\n\t<li><a href='https:\/\/www.kktckamusen.org\/index.php\/2026\/01\/'>Ocak 2026<\/a><\/li>\n\t<li><a href='https:\/\/www.kktckamusen.org\/index.php\/2025\/11\/'>Kas\u0131m 2025<\/a><\/li>\n\t<li><a href='https:\/\/www.kktckamusen.org\/index.php\/2025\/10\/'>Ekim 2025<\/a><\/li>\n\t<li><a href='https:\/\/www.kktckamusen.org\/index.php\/2025\/08\/'>A\u011fustos 2025<\/a><\/li>\n\t<li><a href='https:\/\/www.kktckamusen.org\/index.php\/2025\/07\/'>Temmuz 2025<\/a><\/li>\n\t<li><a href='https:\/\/www.kktckamusen.org\/index.php\/2025\/06\/'>Haziran 2025<\/a><\/li>\n\t<li><a href='https:\/\/www.kktckamusen.org\/index.php\/2025\/05\/'>May\u0131s 2025<\/a><\/li>\n\t<li><a href='https:\/\/www.kktckamusen.org\/index.php\/2025\/04\/'>Nisan 2025<\/a><\/li>\n\t<li><a href='https:\/\/www.kktckamusen.org\/index.php\/2025\/03\/'>Mart 2025<\/a><\/li>\n\t<li><a href='https:\/\/www.kktckamusen.org\/index.php\/2025\/02\/'>\u015eubat 2025<\/a><\/li>\n\t<li><a href='https:\/\/www.kktckamusen.org\/index.php\/2024\/12\/'>Aral\u0131k 2024<\/a><\/li>\n\t<li><a href='https:\/\/www.kktckamusen.org\/index.php\/2024\/10\/'>Ekim 2024<\/a><\/li>\n\t<li><a href='https:\/\/www.kktckamusen.org\/index.php\/2024\/09\/'>Eyl\u00fcl 2024<\/a><\/li>\n\t<li><a href='https:\/\/www.kktckamusen.org\/index.php\/2024\/05\/'>May\u0131s 2024<\/a><\/li>\n\t<li><a href='https:\/\/www.kktckamusen.org\/index.php\/2024\/03\/'>Mart 2024<\/a><\/li>\n\t<li><a href='https:\/\/www.kktckamusen.org\/index.php\/2024\/02\/'>\u015eubat 2024<\/a><\/li>\n\t<li><a href='https:\/\/www.kktckamusen.org\/index.php\/2023\/12\/'>Aral\u0131k 2023<\/a><\/li>\n\t<li><a href='https:\/\/www.kktckamusen.org\/index.php\/2023\/11\/'>Kas\u0131m 2023<\/a><\/li>\n\t<li><a href='https:\/\/www.kktckamusen.org\/index.php\/2023\/10\/'>Ekim 2023<\/a><\/li>\n\t<li><a href='https:\/\/www.kktckamusen.org\/index.php\/2023\/08\/'>A\u011fustos 2023<\/a><\/li>\n\t<li><a href='https:\/\/www.kktckamusen.org\/index.php\/2023\/07\/'>Temmuz 2023<\/a><\/li>\n\t<li><a href='https:\/\/www.kktckamusen.org\/index.php\/2023\/04\/'>Nisan 2023<\/a><\/li>\n\t<li><a href='https:\/\/www.kktckamusen.org\/index.php\/2023\/03\/'>Mart 2023<\/a><\/li>\n\t<li><a href='https:\/\/www.kktckamusen.org\/index.php\/2023\/02\/'>\u015eubat 2023<\/a><\/li>\n\t<li><a href='https:\/\/www.kktckamusen.org\/index.php\/2023\/01\/'>Ocak 2023<\/a><\/li>\n\t<li><a href='https:\/\/www.kktckamusen.org\/index.php\/2022\/11\/'>Kas\u0131m 2022<\/a><\/li>\n\t<li><a href='https:\/\/www.kktckamusen.org\/index.php\/2022\/10\/'>Ekim 2022<\/a><\/li>\n\t<li><a href='https:\/\/www.kktckamusen.org\/index.php\/2022\/09\/'>Eyl\u00fcl 2022<\/a><\/li>\n\t<li><a href='https:\/\/www.kktckamusen.org\/index.php\/2022\/08\/'>A\u011fustos 2022<\/a><\/li>\n\t<li><a href='https:\/\/www.kktckamusen.org\/index.php\/2022\/07\/'>Temmuz 2022<\/a><\/li>\n\t<li><a href='https:\/\/www.kktckamusen.org\/index.php\/2022\/06\/'>Haziran 2022<\/a><\/li>\n\t<li><a href='https:\/\/www.kktckamusen.org\/index.php\/2022\/05\/'>May\u0131s 2022<\/a><\/li>\n\t<li><a href='https:\/\/www.kktckamusen.org\/index.php\/2022\/04\/'>Nisan 2022<\/a><\/li>\n\t<li><a href='https:\/\/www.kktckamusen.org\/index.php\/2022\/03\/'>Mart 2022<\/a><\/li>\n<\/ul>\n\n<form role=\"search\" method=\"get\" action=\"https:\/\/www.kktckamusen.org\/\" class=\"wp-block-search__button-outside wp-block-search__text-button wp-block-search\"><label class=\"wp-block-search__label\" for=\"wp-block-search__input-5\" >Ara<\/label><div class=\"wp-block-search__inside-wrapper \" ><input class=\"wp-block-search__input\" id=\"wp-block-search__input-5\" placeholder=\"\" value=\"\" type=\"search\" name=\"s\" required \/><button aria-label=\"Ara\" class=\"wp-block-search__button wp-element-button\" type=\"submit\" >Ara<\/button><\/div><\/form>","protected":false},"excerpt":{"rendered":"<p>Belediye se\u00e7imleri arifesinde ekonomik y\u0131k\u0131m\u0131n ya\u015fand\u0131\u011f\u0131 bu g\u00fcnlerde, h\u00fck\u00fcmet taraf\u0131ndan liyakatten uzak adaletsizce ve partizanca ge\u00e7ici i\u015f\u00e7i ad\u0131 alt\u0131nda istihdam yap\u0131lmaya devam edilmektedir. Hat\u0131rlat\u0131r\u0131z ki anayasan\u0131n 120.maddesine g\u00f6re \u2018\u2019Devlette genel y\u00f6netim ilkelerine g\u00f6re y\u00fcr\u00fct\u00fclmekte oldu\u011fu Kamu Hizmetlerinin gerektirdi\u011fi as\u0131l ve s\u00fcrekli g\u00f6revler kamu g\u00f6revlileri eli ile y\u00fcr\u00fct\u00fcl\u00fcr\u2019\u2019 ibaresi vard\u0131r. Anayasa\u2019ya ayk\u0131r\u0131 olan bu uygulamay\u0131 Kamusen [&hellip;]<\/p>\n","protected":false},"author":5,"featured_media":0,"comment_status":"open","ping_status":"open","sticky":false,"template":"","format":"standard","meta":{"tdm_status":"","tdm_grid_status":"","footnotes":""},"categories":[1],"tags":[],"acf":[],"aioseo_notices":[],"_links":{"self":[{"href":"https:\/\/www.kktckamusen.org\/index.php\/wp-json\/wp\/v2\/posts\/780"}],"collection":[{"href":"https:\/\/www.kktckamusen.org\/index.php\/wp-json\/wp\/v2\/posts"}],"about":[{"href":"https:\/\/www.kktckamusen.org\/index.php\/wp-json\/wp\/v2\/types\/post"}],"author":[{"embeddable":true,"href":"https:\/\/www.kktckamusen.org\/index.php\/wp-json\/wp\/v2\/users\/5"}],"replies":[{"embeddable":true,"href":"https:\/\/www.kktckamusen.org\/index.php\/wp-json\/wp\/v2\/comments?post=780"}],"version-history":[{"count":1,"href":"https:\/\/www.kktckamusen.org\/index.php\/wp-json\/wp\/v2\/posts\/780\/revisions"}],"predecessor-version":[{"id":782,"href":"https:\/\/www.kktckamusen.org\/index.php\/wp-json\/wp\/v2\/posts\/780\/revisions\/782"}],"wp:attachment":[{"href":"https:\/\/www.kktckamusen.org\/index.php\/wp-json\/wp\/v2\/media?parent=780"}],"wp:term":[{"taxonomy":"category","embeddable":true,"href":"https:\/\/www.kktckamusen.org\/index.php\/wp-json\/wp\/v2\/categories?post=780"},{"taxonomy":"post_tag","embeddable":true,"href":"https:\/\/www.kktckamusen.org\/index.php\/wp-json\/wp\/v2\/tags?post=780"}],"curies":[{"name":"wp","href":"https:\/\/api.w.org\/{rel}","templated":true}]}}