{"id":752,"date":"2022-09-19T13:05:56","date_gmt":"2022-09-19T13:05:56","guid":{"rendered":"https:\/\/www.kktckamusen.org\/?p=752"},"modified":"2022-09-19T13:06:00","modified_gmt":"2022-09-19T13:06:00","slug":"artik-sabrimiz-tukendi","status":"publish","type":"post","link":"https:\/\/www.kktckamusen.org\/index.php\/2022\/09\/19\/artik-sabrimiz-tukendi\/","title":{"rendered":"ARTIK SABRIMIZ T\u00dcKEND\u0130 !!"},"content":{"rendered":"\n<p>Sendikalar olarak, h\u00fck\u00fcmet yetkilileri ile uzun s\u00fcredir iyi niyet \u00e7er\u00e7evesinde y\u00fcr\u00fctt\u00fc\u011f\u00fcm\u00fcz m\u00fczakerelerde talebimiz olan 47\/2010 (G\u00f6\u00e7 Yasas\u0131) \u00e7al\u0131\u015fanlar\u0131n\u0131n maa\u015flar\u0131na %6 ek art\u0131\u015f\u0131 fiili olarak h\u00fck\u00fcmet kanad\u0131n\u0131n kabul etti\u011fini fakat \u00e7e\u015fitli nedenlerle yasal \u00e7er\u00e7evede uygulamaya konmam\u0131\u015ft\u0131r. Art\u0131k sabr\u0131m\u0131z\u0131n t\u00fckenmi\u015f oldu\u011funu, bekledi\u011fimiz Bakanlar Kurulu toplant\u0131s\u0131nda %6\u2019n\u0131n alt\u0131nda rakam kabul edemeyece\u011fimizi ve bu do\u011frultuda eylem ve grevleri ba\u015flataca\u011f\u0131m\u0131z\u0131 t\u00fcm kamuoyuna bildiririz.<\/p>\n\n\n\n<p><\/p>\n\n\n\n<p class=\"has-text-align-right\">&nbsp;&nbsp;&nbsp;&nbsp;&nbsp;&nbsp;&nbsp;&nbsp;&nbsp;&nbsp;&nbsp; (Sendikalar ad\u0131na)<\/p>\n\n\n\n<p class=\"has-text-align-right\">Kamusen Ba\u015fkan\u0131<\/p>\n\n\n\n<p class=\"has-text-align-right\">Metin Atan<\/p>\n\n\n\n<p><\/p>\n","protected":false},"excerpt":{"rendered":"<p>Sendikalar olarak, h\u00fck\u00fcmet yetkilileri ile uzun s\u00fcredir iyi niyet \u00e7er\u00e7evesinde y\u00fcr\u00fctt\u00fc\u011f\u00fcm\u00fcz m\u00fczakerelerde talebimiz olan 47\/2010 (G\u00f6\u00e7 Yasas\u0131) \u00e7al\u0131\u015fanlar\u0131n\u0131n maa\u015flar\u0131na %6 ek art\u0131\u015f\u0131 fiili olarak h\u00fck\u00fcmet kanad\u0131n\u0131n kabul etti\u011fini fakat \u00e7e\u015fitli nedenlerle yasal \u00e7er\u00e7evede uygulamaya konmam\u0131\u015ft\u0131r. Art\u0131k sabr\u0131m\u0131z\u0131n t\u00fckenmi\u015f oldu\u011funu, bekledi\u011fimiz Bakanlar Kurulu toplant\u0131s\u0131nda %6\u2019n\u0131n alt\u0131nda rakam kabul edemeyece\u011fimizi ve bu do\u011frultuda eylem ve grevleri ba\u015flataca\u011f\u0131m\u0131z\u0131 [&hellip;]<\/p>\n","protected":false},"author":3,"featured_media":753,"comment_status":"open","ping_status":"open","sticky":false,"template":"","format":"standard","meta":{"tdm_status":"","tdm_grid_status":"","footnotes":""},"categories":[3,2,1,5,4],"tags":[],"acf":[],"aioseo_notices":[],"_links":{"self":[{"href":"https:\/\/www.kktckamusen.org\/index.php\/wp-json\/wp\/v2\/posts\/752"}],"collection":[{"href":"https:\/\/www.kktckamusen.org\/index.php\/wp-json\/wp\/v2\/posts"}],"about":[{"href":"https:\/\/www.kktckamusen.org\/index.php\/wp-json\/wp\/v2\/types\/post"}],"author":[{"embeddable":true,"href":"https:\/\/www.kktckamusen.org\/index.php\/wp-json\/wp\/v2\/users\/3"}],"replies":[{"embeddable":true,"href":"https:\/\/www.kktckamusen.org\/index.php\/wp-json\/wp\/v2\/comments?post=752"}],"version-history":[{"count":1,"href":"https:\/\/www.kktckamusen.org\/index.php\/wp-json\/wp\/v2\/posts\/752\/revisions"}],"predecessor-version":[{"id":754,"href":"https:\/\/www.kktckamusen.org\/index.php\/wp-json\/wp\/v2\/posts\/752\/revisions\/754"}],"wp:featuredmedia":[{"embeddable":true,"href":"https:\/\/www.kktckamusen.org\/index.php\/wp-json\/wp\/v2\/media\/753"}],"wp:attachment":[{"href":"https:\/\/www.kktckamusen.org\/index.php\/wp-json\/wp\/v2\/media?parent=752"}],"wp:term":[{"taxonomy":"category","embeddable":true,"href":"https:\/\/www.kktckamusen.org\/index.php\/wp-json\/wp\/v2\/categories?post=752"},{"taxonomy":"post_tag","embeddable":true,"href":"https:\/\/www.kktckamusen.org\/index.php\/wp-json\/wp\/v2\/tags?post=752"}],"curies":[{"name":"wp","href":"https:\/\/api.w.org\/{rel}","templated":true}]}}