{"id":748,"date":"2022-08-19T10:33:27","date_gmt":"2022-08-19T10:33:27","guid":{"rendered":"https:\/\/www.kktckamusen.org\/?p=748"},"modified":"2022-08-19T10:34:05","modified_gmt":"2022-08-19T10:34:05","slug":"sendikalar-ve-maliye-bakani-ile-beklenen-ikinci-toplanti","status":"publish","type":"post","link":"https:\/\/www.kktckamusen.org\/index.php\/2022\/08\/19\/sendikalar-ve-maliye-bakani-ile-beklenen-ikinci-toplanti\/","title":{"rendered":"Sendikalar ve Maliye Bakan\u0131 ile Beklenen \u0130kinci Toplant\u0131 !!!"},"content":{"rendered":"\n<p>Maliye Bakan\u0131 ile bug\u00fcn yap\u0131lan g\u00f6r\u00fc\u015fmede daha \u00f6nce verilmi\u015f olan taleplerimiz aras\u0131nda yer alan ba\u015fl\u0131ca konulardan,<\/p>\n\n\n\n<p>\u00a0Hayat pahal\u0131l\u0131\u011f\u0131 art\u0131\u015f\u0131ndan sonra \u00f6zellikle 47\/2010 (G\u00f6\u00e7 Yasas\u0131) sonras\u0131 \u00e7al\u0131\u015fan memurlar i\u00e7in vergi dilimlerinden do\u011fan anomalilerin maa\u015f d\u00fczenlemesi (Refah Pay\u0131) iyile\u015ftirilme \u00e7al\u0131\u015fmas\u0131n\u0131n devam etti\u011fini, <\/p>\n\n\n\n<p>Asgari \u00fccret den  vergi muafiyetinin kald\u0131r\u0131lma \u00e7al\u0131\u015fmalar\u0131n\u0131n da 29 A\u011fustos 2022 (Pazartesi) tarihine kadar teknik olarak  olumlu sonu\u00e7 verece\u011finin bilgisi verilmi\u015ftir.<\/p>\n","protected":false},"excerpt":{"rendered":"<p>Maliye Bakan\u0131 ile bug\u00fcn yap\u0131lan g\u00f6r\u00fc\u015fmede daha \u00f6nce verilmi\u015f olan taleplerimiz aras\u0131nda yer alan ba\u015fl\u0131ca konulardan, \u00a0Hayat pahal\u0131l\u0131\u011f\u0131 art\u0131\u015f\u0131ndan sonra \u00f6zellikle 47\/2010 (G\u00f6\u00e7 Yasas\u0131) sonras\u0131 \u00e7al\u0131\u015fan memurlar i\u00e7in vergi dilimlerinden do\u011fan anomalilerin maa\u015f d\u00fczenlemesi (Refah Pay\u0131) iyile\u015ftirilme \u00e7al\u0131\u015fmas\u0131n\u0131n devam etti\u011fini, Asgari \u00fccret den vergi muafiyetinin kald\u0131r\u0131lma \u00e7al\u0131\u015fmalar\u0131n\u0131n da 29 A\u011fustos 2022 (Pazartesi) tarihine kadar teknik [&hellip;]<\/p>\n","protected":false},"author":3,"featured_media":637,"comment_status":"open","ping_status":"open","sticky":false,"template":"","format":"standard","meta":{"tdm_status":"","tdm_grid_status":"","footnotes":""},"categories":[1],"tags":[],"acf":[],"aioseo_notices":[],"_links":{"self":[{"href":"https:\/\/www.kktckamusen.org\/index.php\/wp-json\/wp\/v2\/posts\/748"}],"collection":[{"href":"https:\/\/www.kktckamusen.org\/index.php\/wp-json\/wp\/v2\/posts"}],"about":[{"href":"https:\/\/www.kktckamusen.org\/index.php\/wp-json\/wp\/v2\/types\/post"}],"author":[{"embeddable":true,"href":"https:\/\/www.kktckamusen.org\/index.php\/wp-json\/wp\/v2\/users\/3"}],"replies":[{"embeddable":true,"href":"https:\/\/www.kktckamusen.org\/index.php\/wp-json\/wp\/v2\/comments?post=748"}],"version-history":[{"count":2,"href":"https:\/\/www.kktckamusen.org\/index.php\/wp-json\/wp\/v2\/posts\/748\/revisions"}],"predecessor-version":[{"id":750,"href":"https:\/\/www.kktckamusen.org\/index.php\/wp-json\/wp\/v2\/posts\/748\/revisions\/750"}],"wp:featuredmedia":[{"embeddable":true,"href":"https:\/\/www.kktckamusen.org\/index.php\/wp-json\/wp\/v2\/media\/637"}],"wp:attachment":[{"href":"https:\/\/www.kktckamusen.org\/index.php\/wp-json\/wp\/v2\/media?parent=748"}],"wp:term":[{"taxonomy":"category","embeddable":true,"href":"https:\/\/www.kktckamusen.org\/index.php\/wp-json\/wp\/v2\/categories?post=748"},{"taxonomy":"post_tag","embeddable":true,"href":"https:\/\/www.kktckamusen.org\/index.php\/wp-json\/wp\/v2\/tags?post=748"}],"curies":[{"name":"wp","href":"https:\/\/api.w.org\/{rel}","templated":true}]}}