{"id":627,"date":"2022-04-18T08:32:20","date_gmt":"2022-04-18T08:32:20","guid":{"rendered":"https:\/\/www.kktckamusen.org\/?p=627"},"modified":"2022-04-18T08:58:30","modified_gmt":"2022-04-18T08:58:30","slug":"sayin-arikliyi-kiniyoruz","status":"publish","type":"post","link":"https:\/\/www.kktckamusen.org\/index.php\/2022\/04\/18\/sayin-arikliyi-kiniyoruz\/","title":{"rendered":"SAYIN ARIKLI&#8217;YI KINIYORUZ&#8230;"},"content":{"rendered":"\n<p>Ula\u015ft\u0131rma Bakan\u0131\u2019n\u0131n mesnetsiz tutum ve davran\u0131\u015flar i\u00e7inde olmas\u0131 ve sendikalar\u0131 \u201cStat\u00fckonun Bek\u00e7ileri\u201d olarak ifade&nbsp; etmesi d\u00fc\u015f\u00fcnd\u00fcr\u00fcc\u00fc ve manidard\u0131r. \u00dclkemizin i\u00e7ine ekonomik olarak girdi\u011fi dar bo\u011fazda, \u00fclke insan\u0131m\u0131z ekmek bulmaya zorland\u0131\u011f\u0131 \u015fu g\u00fcnlerde g\u00fcndem sapt\u0131rmak i\u00e7in Sn. Ar\u0131kl\u0131 her zaman yapt\u0131\u011f\u0131n\u0131z gibi alg\u0131 yarat\u0131p g\u00fcndem de\u011fi\u015ftirmeye \u00e7al\u0131\u015f\u0131yorsunuz. Kamuoyu sizi \u00e7ok iyi tan\u0131yor. Halk\u0131 de\u011fil kendi kendinizi kand\u0131r\u0131yorsunuz.<\/p>\n\n\n\n<p>Bu \u00fclkede demokrasinin temel direkleri olan sendika ve sicil toplum \u00f6rg\u00fctlerine kar\u015f\u0131 \u00e7irkin s\u00f6ylemlerde bulunmas\u0131, kendilerinin ne kadar anti demokratik d\u00fc\u015f\u00fcnceye&nbsp; sahip oldu\u011funun bir g\u00f6stergesidir.<\/p>\n\n\n\n<p>Say\u0131n Ar\u0131kl\u0131\u2019ya soruyorum;<\/p>\n\n\n\n<ol type=\"1\"><li>Nerden buldun yasas\u0131n\u0131 engelleyen Sivil Toplum \u00d6rg\u00fctleri midir?<\/li><li>Yanda\u015flara verilen kredilerin takibini yapmayan ve geri d\u00f6nmeyen kredileri yapan,<\/li><li>Adam gibi vergi toplamayan (vergi aflar\u0131 \u00e7\u0131karan),<\/li><li>Kalk\u0131nma Bankas\u0131na verilen te\u015fviklerin geri al\u0131nmamas\u0131n\u0131,<\/li><li>Bakan\u0131 oldu\u011funuz d\u00f6nemde K\u0131b-Tek\u2019teki usuls\u00fcz ve yolsuzluklar\u0131, vb\u2026<\/li><\/ol>\n\n\n\n<p><strong>STAT\u00dcKODAN BESLENEN S\u0130Z\u0130N G\u0130B\u0130 S\u0130YAS\u0130LER M\u0130 YOKSA SEND\u0130KALAR MI YAPTI?<\/strong><\/p>\n\n\n\n<p>Bu \u00fclkeyi k\u00f6t\u00fc y\u00f6netiyorsunuz Sn. Ar\u0131kl\u0131! Her gitti\u011finiz makam ve kurumlar\u0131 bat\u0131rd\u0131n\u0131z\u2026<\/p>\n\n\n\n<p>\u201cArs\u0131z G\u00fc\u00e7l\u00fc olunca Hakl\u0131 Su\u00e7lu olur\u201d mant\u0131\u011f\u0131yla \u00fclke y\u00f6netiyorsunuz.<\/p>\n\n\n\n<p>Esas sorun sizlerin ve sizin gibilerin \u00fclkeyi y\u00f6netim sorunudur.<\/p>\n\n\n\n<p>Hodri Meydan! Bizleri inand\u0131r\u0131n ki, milletvekillerinin dokunulmazl\u0131\u011f\u0131 konusunda samimi iseniz, kald\u0131r\u0131lmas\u0131 i\u00e7in \u00f6nerge getiriniz. Getirmezseniz stat\u00fckonun ger\u00e7ek bek\u00e7isinin kim oldu\u011fu kamuoyu taraf\u0131ndan daha iyi anla\u015f\u0131lacakt\u0131r.<\/p>\n","protected":false},"excerpt":{"rendered":"<p>Ula\u015ft\u0131rma Bakan\u0131\u2019n\u0131n mesnetsiz tutum ve davran\u0131\u015flar i\u00e7inde olmas\u0131 ve sendikalar\u0131 \u201cStat\u00fckonun Bek\u00e7ileri\u201d olarak ifade&nbsp; etmesi d\u00fc\u015f\u00fcnd\u00fcr\u00fcc\u00fc ve manidard\u0131r. \u00dclkemizin i\u00e7ine ekonomik olarak girdi\u011fi dar bo\u011fazda, \u00fclke insan\u0131m\u0131z ekmek bulmaya zorland\u0131\u011f\u0131 \u015fu g\u00fcnlerde g\u00fcndem sapt\u0131rmak i\u00e7in Sn. Ar\u0131kl\u0131 her zaman yapt\u0131\u011f\u0131n\u0131z gibi alg\u0131 yarat\u0131p g\u00fcndem de\u011fi\u015ftirmeye \u00e7al\u0131\u015f\u0131yorsunuz. Kamuoyu sizi \u00e7ok iyi tan\u0131yor. Halk\u0131 de\u011fil kendi kendinizi [&hellip;]<\/p>\n","protected":false},"author":3,"featured_media":641,"comment_status":"open","ping_status":"open","sticky":false,"template":"","format":"standard","meta":{"tdm_status":"","tdm_grid_status":"","footnotes":""},"categories":[2,1,5],"tags":[],"acf":[],"aioseo_notices":[],"_links":{"self":[{"href":"https:\/\/www.kktckamusen.org\/index.php\/wp-json\/wp\/v2\/posts\/627"}],"collection":[{"href":"https:\/\/www.kktckamusen.org\/index.php\/wp-json\/wp\/v2\/posts"}],"about":[{"href":"https:\/\/www.kktckamusen.org\/index.php\/wp-json\/wp\/v2\/types\/post"}],"author":[{"embeddable":true,"href":"https:\/\/www.kktckamusen.org\/index.php\/wp-json\/wp\/v2\/users\/3"}],"replies":[{"embeddable":true,"href":"https:\/\/www.kktckamusen.org\/index.php\/wp-json\/wp\/v2\/comments?post=627"}],"version-history":[{"count":6,"href":"https:\/\/www.kktckamusen.org\/index.php\/wp-json\/wp\/v2\/posts\/627\/revisions"}],"predecessor-version":[{"id":643,"href":"https:\/\/www.kktckamusen.org\/index.php\/wp-json\/wp\/v2\/posts\/627\/revisions\/643"}],"wp:featuredmedia":[{"embeddable":true,"href":"https:\/\/www.kktckamusen.org\/index.php\/wp-json\/wp\/v2\/media\/641"}],"wp:attachment":[{"href":"https:\/\/www.kktckamusen.org\/index.php\/wp-json\/wp\/v2\/media?parent=627"}],"wp:term":[{"taxonomy":"category","embeddable":true,"href":"https:\/\/www.kktckamusen.org\/index.php\/wp-json\/wp\/v2\/categories?post=627"},{"taxonomy":"post_tag","embeddable":true,"href":"https:\/\/www.kktckamusen.org\/index.php\/wp-json\/wp\/v2\/tags?post=627"}],"curies":[{"name":"wp","href":"https:\/\/api.w.org\/{rel}","templated":true}]}}