{"id":51,"date":"2022-03-04T17:07:04","date_gmt":"2022-03-04T14:07:04","guid":{"rendered":"http:\/\/tdi_2_0f2"},"modified":"2022-04-13T07:10:52","modified_gmt":"2022-04-13T07:10:52","slug":"the-workout-that-burns-more-calories-than-running","status":"publish","type":"post","link":"https:\/\/www.kktckamusen.org\/index.php\/2022\/03\/04\/the-workout-that-burns-more-calories-than-running\/","title":{"rendered":"8 MART D\u00dcNYA EMEK\u00c7\u0130 KADINLAR G\u00dcN\u00dcN\u00dc KUTLUYORUZ"},"content":{"rendered":"<p>Bundan 165 y\u0131l \u00f6nce 8 Mart 1857\u2019de a\u011f\u0131r \u00e7al\u0131\u015fma ko\u015fullar\u0131n\u0131 protesto etmek i\u00e7in direni\u015fe ge\u00e7en 129 dokuma i\u015f\u00e7isi kad\u0131n\u0131n, \u00e7\u0131kan \u00e7at\u0131\u015fma ve yang\u0131nda ya\u015fam\u0131n\u0131 yitirmesiyle ba\u015flayan s\u00fcrecin ard\u0131ndan 1977 y\u0131l\u0131nda Birle\u015fmi\u015f Milletler Genel Kurulu 8 Mart\u2019\u0131 &#8220;Kad\u0131n Haklar\u0131 ve D\u00fcnya Bar\u0131\u015f\u0131 G\u00fcn\u00fc&#8221; olarak ilan etmi\u015ftir. B\u00f6ylece, 8 Mart kad\u0131nlar\u0131n m\u00fccadele ve dayan\u0131\u015fmas\u0131n\u0131n kutland\u0131\u011f\u0131 g\u00fcn olmu\u015ftur.<\/p>\n<p>Kamusen olarak, \u201cHer insan; \u0131rk, inan\u00e7 ve cinsiyetleri ne olursa olsun, maddi ilerlemelerini ve manevi geli\u015fmelerini h\u00fcr ve haysiyetli bi\u00e7imde, ekonomik g\u00fcvence alt\u0131nda ve e\u015fit \u015fartlarda s\u00fcrd\u00fcrmek hakk\u0131na sahiptir.\u201d<\/p>\n<p>\u201cToplumsal cinsiyete dayal\u0131 \u015fiddet ve tacizden ar\u0131nm\u0131\u015f bir \u00e7al\u0131\u015fma ortam\u0131nda \u00e7al\u0131\u015fmak, her bireyin hakk\u0131d\u0131r.\u201d \u00c7al\u0131\u015fmalar\u0131m\u0131z\u0131 bu bak\u0131\u015f a\u00e7\u0131s\u0131 do\u011frultusunda yapmakta ve h\u00fck\u00fcmetlere \u00f6nerilerde bulunmaktay\u0131z.<\/p>\n<p>Bu ba\u011flamda,&nbsp; Uluslararas\u0131 \u00c7al\u0131\u015fma \u00d6rg\u00fct\u00fc\u2019n\u00fcn 2019 y\u0131l\u0131nda Cenevre\u2019de 100. Y\u0131l konferans\u0131nda yay\u0131nlad\u0131\u011f\u0131 190 say\u0131l\u0131 s\u00f6zle\u015fmeyi taraf \u00fclkelere ve t\u00fcm \u00fclkelere \u201ck\u00fcresel eylem\u201d \u00e7a\u011fr\u0131s\u0131nda bulunarak sunulmu\u015ftur. S\u00f6z konusu s\u00f6zle\u015fme \u201c\u00c7al\u0131\u015fma Ya\u015fam\u0131nda \u015eiddet ve Tacizin Ortadan Kald\u0131r\u0131lmas\u0131na\u201d ili\u015fkindir. S\u00f6zle\u015fme genel olarak b\u00fct\u00fcn i\u015f ya\u015fam\u0131n\u0131n i\u00e7indeki ki\u015fi ve gruplar\u0131 korurken ayr\u0131ca toplumsal cinsiyet temeline dayal\u0131 \u015fiddet ve tacize \u00f6zel vurgu yap\u0131p \u00f6zel d\u00fczenlemeler \u00f6ng\u00f6rmektedir.<\/p>\n<p>\u201cStajyer ve \u00e7\u0131raklar d\u00e2hil e\u011fitimdeki ki\u015fileri\u201d, istihdam\u0131 sonland\u0131r\u0131lan i\u015f\u00e7ileri, g\u00f6n\u00fcll\u00fcleri, i\u015f arayanlar\u0131 ve i\u015f ba\u015fvurusunda bulunanlar\u0131, bir i\u015fverenin yetkisini, g\u00f6rev veya sorumluluklar\u0131n\u0131 yerine getiren bireyleri, \u00e7al\u0131\u015fma ya\u015fam\u0131ndaki i\u015f\u00e7ileri ve di\u011fer ki\u015fileri kapsamakta ve korumaktad\u0131r.<\/p>\n<p>\u0130\u015f g\u00fcvencesinin olmad\u0131\u011f\u0131, yoksullu\u011fun ve i\u015fsizli\u011fin artt\u0131\u011f\u0131 d\u00f6nem ve yerlerde \u015fiddet ve taciz de art\u0131yor. S\u00f6zle\u015fme bu anlamda kay\u0131t i\u00e7i kay\u0131t d\u0131\u015f\u0131, \u00f6zel ve kamusal t\u00fcm sekt\u00f6rleri kaps\u0131yor, i\u015fveren i\u015f\u00e7i ayr\u0131m\u0131 yapmayarak i\u015fletme itibar\u0131 ve verimlilik \u00fczerindeki olumsuz etkilerinin de oldu\u011funa dikkat \u00e7ekmektedir. Konuyu b\u00fct\u00fcnc\u00fcl ele almaktad\u0131r. Kad\u0131nlar, k\u0131z \u00e7ocuklar\u0131 ve g\u00f6\u00e7men kad\u0131nlara vurgu yapmakta ve \u015fiddete en \u00e7ok maruz kalan, \u015fiddete a\u00e7\u0131k di\u011fer gruplar\u0131 vurgulamaktad\u0131r. Belli sekt\u00f6rlerde \u00f6rne\u011fin sa\u011fl\u0131k sekt\u00f6rlerinde yayg\u0131n olan \u015fiddete dikkat \u00e7ekip devletlere gerekirse \u00f6zel d\u00fczenlemeler \u00f6ng\u00f6rme y\u00fck\u00fcml\u00fcl\u00fc\u011f\u00fc getirmektedir.<\/p>\n<p>Yer, zaman ve durum bak\u0131m\u0131ndan da s\u00f6zle\u015fme olduk\u00e7a geni\u015f kapsaml\u0131 olup i\u015fyerinde bulunulan zamanlarda s\u0131n\u0131rl\u0131 olmay\u0131p, i\u015fverenin otoritesi alt\u0131nda bulunulan t\u00fcm zaman ve mekanlarda da koruma sa\u011fl\u0131yor.&nbsp; \u0130\u015f seyahati s\u0131ras\u0131nda ya\u015fanan taciz ve \u015fiddet de kapsam i\u00e7inde yer almaktad\u0131r. Serviste, uzaktan \u00e7al\u0131\u015fmada, online bir araya geli\u015flerde, telefon g\u00f6r\u00fc\u015fmelerinde, i\u015f yeme\u011finde koruma sa\u011flamaktad\u0131r.<\/p>\n<p>Bu s\u00f6zle\u015fmenin H\u00fck\u00fcmet\u2019imizden Cumhuriyet Meclisi\u2019nde en erken zamanda kabul edilip yasalla\u015fmas\u0131n\u0131 talep etmekteyiz.<\/p>\n<p>Kamusen Kad\u0131n ve \u00c7ocuk Haklar\u0131 Komitesi olarak \u201cAyr\u0131mc\u0131l\u0131\u011fa\u201d, \u201c\u015eiddete\u201d, \u201cTacize\u201d ve \u201cMobbinge\u201d; \u201cSIFIR TOLERANS\u201d diyoruz ve t\u00fcm kad\u0131nlar\u0131m\u0131z\u0131n \u201c8 Mart D\u00fcnya Emek\u00e7i Kad\u0131nlar G\u00fcn\u00fc\u2019n\u00fc kutluyoruz.<\/p>\n<p>Ay\u015fe \u00d6zdemira\u011f<\/p>\n<p>Toplumsal Cinsiyet E\u015fitli\u011fi Sekreteri<\/p>\n<p>Kad\u0131n ve \u00c7ocuk Haklar\u0131 Komite Ba\u015fkan\u0131<\/p>\n","protected":false},"excerpt":{"rendered":"<p>Bundan 165 y\u0131l \u00f6nce 8 Mart 1857\u2019de a\u011f\u0131r \u00e7al\u0131\u015fma ko\u015fullar\u0131n\u0131 protesto etmek i\u00e7in direni\u015fe ge\u00e7en 129 dokuma i\u015f\u00e7isi kad\u0131n\u0131n, \u00e7\u0131kan \u00e7at\u0131\u015fma ve yang\u0131nda ya\u015fam\u0131n\u0131 yitirmesiyle ba\u015flayan s\u00fcrecin ard\u0131ndan 1977 y\u0131l\u0131nda Birle\u015fmi\u015f Milletler Genel Kurulu 8 Mart\u2019\u0131 &#8220;Kad\u0131n Haklar\u0131 ve D\u00fcnya Bar\u0131\u015f\u0131 G\u00fcn\u00fc&#8221; olarak ilan etmi\u015ftir. B\u00f6ylece, 8 Mart kad\u0131nlar\u0131n m\u00fccadele ve dayan\u0131\u015fmas\u0131n\u0131n kutland\u0131\u011f\u0131 g\u00fcn olmu\u015ftur. [&hellip;]<\/p>\n","protected":false},"author":1,"featured_media":114,"comment_status":"open","ping_status":"open","sticky":false,"template":"","format":"standard","meta":{"tdm_status":"","tdm_grid_status":"","footnotes":""},"categories":[3],"tags":[],"acf":[],"aioseo_notices":[],"_links":{"self":[{"href":"https:\/\/www.kktckamusen.org\/index.php\/wp-json\/wp\/v2\/posts\/51"}],"collection":[{"href":"https:\/\/www.kktckamusen.org\/index.php\/wp-json\/wp\/v2\/posts"}],"about":[{"href":"https:\/\/www.kktckamusen.org\/index.php\/wp-json\/wp\/v2\/types\/post"}],"author":[{"embeddable":true,"href":"https:\/\/www.kktckamusen.org\/index.php\/wp-json\/wp\/v2\/users\/1"}],"replies":[{"embeddable":true,"href":"https:\/\/www.kktckamusen.org\/index.php\/wp-json\/wp\/v2\/comments?post=51"}],"version-history":[{"count":1,"href":"https:\/\/www.kktckamusen.org\/index.php\/wp-json\/wp\/v2\/posts\/51\/revisions"}],"predecessor-version":[{"id":544,"href":"https:\/\/www.kktckamusen.org\/index.php\/wp-json\/wp\/v2\/posts\/51\/revisions\/544"}],"wp:featuredmedia":[{"embeddable":true,"href":"https:\/\/www.kktckamusen.org\/index.php\/wp-json\/wp\/v2\/media\/114"}],"wp:attachment":[{"href":"https:\/\/www.kktckamusen.org\/index.php\/wp-json\/wp\/v2\/media?parent=51"}],"wp:term":[{"taxonomy":"category","embeddable":true,"href":"https:\/\/www.kktckamusen.org\/index.php\/wp-json\/wp\/v2\/categories?post=51"},{"taxonomy":"post_tag","embeddable":true,"href":"https:\/\/www.kktckamusen.org\/index.php\/wp-json\/wp\/v2\/tags?post=51"}],"curies":[{"name":"wp","href":"https:\/\/api.w.org\/{rel}","templated":true}]}}