{"id":1421,"date":"2026-09-02T12:18:46","date_gmt":"2026-09-02T12:18:46","guid":{"rendered":"https:\/\/www.kktckamusen.org\/?p=1421"},"modified":"2026-09-02T12:18:49","modified_gmt":"2026-09-02T12:18:49","slug":"metin-atan-toplum-ariklinin-istifasini-istiyor-istifa-etmiyorsa-basbakan-gorevden-almali","status":"publish","type":"post","link":"https:\/\/www.kktckamusen.org\/index.php\/2026\/09\/02\/metin-atan-toplum-ariklinin-istifasini-istiyor-istifa-etmiyorsa-basbakan-gorevden-almali\/","title":{"rendered":"MET\u0130N ATAN: \u201cTOPLUM ARIKLI\u2019NIN \u0130ST\u0130FASINI \u0130ST\u0130YOR; \u0130ST\u0130FA ETM\u0130YORSA BA\u015eBAKAN G\u00d6REVDEN ALMALI\u201d"},"content":{"rendered":"\n<p>Kamuda yetkili be\u015f sendika Kamu-\u0130\u015f, KTAMS, Kamusen, KTOE\u00d6S ve KT\u00d6S, Kamu-\u0130\u015f Genel Merkezi\u2019nde ortak bas\u0131n toplant\u0131s\u0131 d\u00fczenledi. Kamusen Ba\u015fkan\u0131 Metin Atan, burada yapt\u0131\u011f\u0131 konu\u015fmada \u00fclkede ya\u015fanan facialar ve denetimsizliklere dikkat \u00e7ekerek Bay\u0131nd\u0131rl\u0131k ve Ula\u015ft\u0131rma Bakan\u0131 Erhan Ar\u0131kl\u0131\u2019n\u0131n istifa etmesi gerekti\u011fini savundu. Atan, Ar\u0131kl\u0131\u2019n\u0131n istifa etmemesi halinde Ba\u015fbakan \u00dcnal \u00dcstel\u2019in g\u00f6revden alma sorumlulu\u011funu yerine getirmesi gerekti\u011fini s\u00f6yledi.<\/p>\n\n\n\n<p>Kamusen Ba\u015fkan\u0131 Metin Atan, Girne a\u00e7\u0131klar\u0131nda ya\u015fanan gemi facias\u0131nda hayat\u0131n\u0131 kaybedenlere Allah\u2019tan rahmet, yak\u0131nlar\u0131na ba\u015fsa\u011fl\u0131\u011f\u0131 dileyerek, kay\u0131p ki\u015filere bir an \u00f6nce ula\u015f\u0131lmas\u0131 temennisinde bulundu.<\/p>\n\n\n\n<p>\u201c\u0130nsan hayat\u0131 bu kadar ucuz olmamal\u0131\u201d<\/p>\n\n\n\n<p>\u00dclkede pe\u015f pe\u015fe ya\u015fanan olaylar\u0131n insanlar\u0131n g\u00fcven duygusunu zedeledi\u011fini belirten Atan, her yurtta\u015f\u0131n g\u00fcvenli bir \u00fclkede ya\u015fama hakk\u0131 bulundu\u011funu vurgulad\u0131.<\/p>\n\n\n\n<p>Atan, \u201c\u0130nsan hayat\u0131 bu kadar ucuz olmamal\u0131\u201d diyerek, ya\u015fanan olaylar\u0131n ard\u0131ndan yaln\u0131zca a\u00e7\u0131klama yap\u0131lmas\u0131n\u0131n yeterli olmad\u0131\u011f\u0131n\u0131, ihmallerin tespit edilmesi ve gerekli tedbirlerin zaman\u0131nda al\u0131nmas\u0131 gerekti\u011fini s\u00f6yledi.<\/p>\n\n\n\n<p>Ya\u015fanan facialar\u0131n ard\u0131ndan kal\u0131c\u0131 \u00e7\u00f6z\u00fcmler \u00fcretilmemesini ele\u015ftiren Atan, denetim ve sorumluluk mekanizmalar\u0131n\u0131n etkin bi\u00e7imde \u00e7al\u0131\u015ft\u0131r\u0131lmas\u0131 gerekti\u011fini kaydetti.<\/p>\n\n\n\n<p>\u201cToplum Ar\u0131kl\u0131\u2019n\u0131n istifas\u0131n\u0131 istiyor\u201d<\/p>\n\n\n\n<p>Bay\u0131nd\u0131rl\u0131k ve Ula\u015ft\u0131rma Bakan\u0131 Erhan Ar\u0131kl\u0131\u2019n\u0131n siyasi sorumlulu\u011funun bulundu\u011funu savunan Atan, Ar\u0131kl\u0131\u2019n\u0131n g\u00f6revinden istifa etmesi gerekti\u011fini s\u00f6yledi.<\/p>\n\n\n\n<p>Atan, \u201cToplum Ar\u0131kl\u0131\u2019n\u0131n istifas\u0131n\u0131 istiyor\u201d diyerek, siyasi sorumlulu\u011fun yaln\u0131zca s\u00f6zle de\u011fil, gere\u011finin yap\u0131lmas\u0131yla ortaya konulabilece\u011fini ifade etti.<\/p>\n\n\n\n<p>\u201c\u0130stifa etmiyorsa Ba\u015fbakan g\u00f6revden almal\u0131\u201d<\/p>\n\n\n\n<p>Ar\u0131kl\u0131\u2019n\u0131n kendi iradesiyle istifa etmemesi durumunda sorumlulu\u011fun Ba\u015fbakan \u00dcnal \u00dcstel\u2019e d\u00fc\u015ft\u00fc\u011f\u00fcn\u00fc belirten Atan, Ba\u015fbakan\u2019\u0131n g\u00f6revden alma y\u00f6n\u00fcnde ad\u0131m atmas\u0131 gerekti\u011fini savundu.<\/p>\n\n\n\n<p>Atan, \u201cAr\u0131kl\u0131 istifa etmiyorsa Ba\u015fbakan\u2019\u0131n g\u00f6revden almas\u0131 gerekir. Ba\u015fbakan bunu yapmazsa onun da sorumlulu\u011fu vard\u0131r\u201d ifadelerini kulland\u0131.<\/p>\n\n\n\n<p>Ya\u015fanan b\u00fcy\u00fck olaylar\u0131n ard\u0131ndan siyasi sorumlulu\u011fun yerine getirilmemesini ele\u015ftiren Atan, sorumlulu\u011fu bulunan ki\u015filerin bunun bedelini \u00f6demesi gerekti\u011fini s\u00f6yledi.<\/p>\n\n\n\n<p>\u201cAilelerin yan\u0131na gidecek y\u00fcz\u00fc olmad\u0131\u011f\u0131 i\u00e7in gitmedi\u201d<\/p>\n\n\n\n<p>Atan, gemi facias\u0131n\u0131n ard\u0131ndan yak\u0131nlar\u0131n\u0131 kaybeden ve kay\u0131plar\u0131ndan haber bekleyen ailelerin ya\u015fad\u0131\u011f\u0131 ac\u0131ya da dikkat \u00e7ekti.<\/p>\n\n\n\n<p>Erhan Ar\u0131kl\u0131\u2019n\u0131n ailelerin yan\u0131na gitmemesini ele\u015ftiren Atan, \u201cAilelerin yan\u0131na gidecek y\u00fcz\u00fc olmad\u0131\u011f\u0131 i\u00e7in gitmedi\u201d ifadelerini kulland\u0131.<\/p>\n\n\n\n<p>Facian\u0131n ard\u0131ndan ailelerin sorular\u0131na yan\u0131t verilmesi ve kamuoyunun \u015feffaf bi\u00e7imde bilgilendirilmesi gerekti\u011fini belirten Atan, sorumlular\u0131n hesap vermesi gerekti\u011fini vurgulad\u0131.<\/p>\n\n\n\n<p>Ercan i\u00e7in de uyard\u0131: \u201cTedbir al\u0131nmal\u0131\u201d<\/p>\n\n\n\n<p>Atan, Ercan Havaliman\u0131\u2019nda ya\u015fand\u0131\u011f\u0131n\u0131 belirtti\u011fi sorunlara da dikkat \u00e7ekerek, yeni bir facia meydana gelmeden gerekli \u00f6nlemlerin al\u0131nmas\u0131 \u00e7a\u011fr\u0131s\u0131nda bulundu.<\/p>\n\n\n\n<p>Risklerin bilindi\u011fi alanlarda \u00f6nceden tedbir al\u0131nmas\u0131n\u0131n devletin sorumlulu\u011fu oldu\u011funu belirten Atan, Ercan\u2019daki eksikliklerin giderilmesi ve g\u00fcvenlik \u00f6nlemlerinin art\u0131r\u0131lmas\u0131 gerekti\u011fini s\u00f6yledi.<\/p>\n\n\n\n<p>\u201cSorumlular bedelini \u00f6demeli\u201d<\/p>\n\n\n\n<p>Atan, \u00fclkede insanlar\u0131n g\u00fcven i\u00e7erisinde ya\u015fama hakk\u0131 bulundu\u011funu bir kez daha vurgulayarak, meydana gelen olaylar\u0131n ard\u0131ndan yaln\u0131zca alt kademelerde sorumlu aranmas\u0131n\u0131n yeterli olmad\u0131\u011f\u0131n\u0131 kaydetti.<\/p>\n\n\n\n<p>Siyasi ve idari sorumlulu\u011fun da ortaya konulmas\u0131 gerekti\u011fini belirten Atan, \u201cSorumlular bedelini \u00f6demelidir\u201d diyerek ihmallerin t\u00fcm y\u00f6nleriyle ara\u015ft\u0131r\u0131lmas\u0131 ve benzer facialar\u0131n ya\u015fanmamas\u0131 i\u00e7in gerekli ad\u0131mlar\u0131n gecikmeden at\u0131lmas\u0131 \u00e7a\u011fr\u0131s\u0131nda bulundu.<\/p>\n","protected":false},"excerpt":{"rendered":"<p>Kamuda yetkili be\u015f sendika Kamu-\u0130\u015f, KTAMS, Kamusen, KTOE\u00d6S ve KT\u00d6S, Kamu-\u0130\u015f Genel Merkezi\u2019nde ortak bas\u0131n toplant\u0131s\u0131 d\u00fczenledi. Kamusen Ba\u015fkan\u0131 Metin Atan, burada yapt\u0131\u011f\u0131 konu\u015fmada \u00fclkede ya\u015fanan facialar ve denetimsizliklere dikkat \u00e7ekerek Bay\u0131nd\u0131rl\u0131k ve Ula\u015ft\u0131rma Bakan\u0131 Erhan Ar\u0131kl\u0131\u2019n\u0131n istifa etmesi gerekti\u011fini savundu. Atan, Ar\u0131kl\u0131\u2019n\u0131n istifa etmemesi halinde Ba\u015fbakan \u00dcnal \u00dcstel\u2019in g\u00f6revden alma sorumlulu\u011funu yerine getirmesi gerekti\u011fini [&hellip;]<\/p>\n","protected":false},"author":5,"featured_media":1340,"comment_status":"open","ping_status":"open","sticky":false,"template":"","format":"standard","meta":{"tdm_status":"","tdm_grid_status":"","footnotes":""},"categories":[1],"tags":[],"acf":[],"aioseo_notices":[],"_links":{"self":[{"href":"https:\/\/www.kktckamusen.org\/index.php\/wp-json\/wp\/v2\/posts\/1421"}],"collection":[{"href":"https:\/\/www.kktckamusen.org\/index.php\/wp-json\/wp\/v2\/posts"}],"about":[{"href":"https:\/\/www.kktckamusen.org\/index.php\/wp-json\/wp\/v2\/types\/post"}],"author":[{"embeddable":true,"href":"https:\/\/www.kktckamusen.org\/index.php\/wp-json\/wp\/v2\/users\/5"}],"replies":[{"embeddable":true,"href":"https:\/\/www.kktckamusen.org\/index.php\/wp-json\/wp\/v2\/comments?post=1421"}],"version-history":[{"count":1,"href":"https:\/\/www.kktckamusen.org\/index.php\/wp-json\/wp\/v2\/posts\/1421\/revisions"}],"predecessor-version":[{"id":1422,"href":"https:\/\/www.kktckamusen.org\/index.php\/wp-json\/wp\/v2\/posts\/1421\/revisions\/1422"}],"wp:featuredmedia":[{"embeddable":true,"href":"https:\/\/www.kktckamusen.org\/index.php\/wp-json\/wp\/v2\/media\/1340"}],"wp:attachment":[{"href":"https:\/\/www.kktckamusen.org\/index.php\/wp-json\/wp\/v2\/media?parent=1421"}],"wp:term":[{"taxonomy":"category","embeddable":true,"href":"https:\/\/www.kktckamusen.org\/index.php\/wp-json\/wp\/v2\/categories?post=1421"},{"taxonomy":"post_tag","embeddable":true,"href":"https:\/\/www.kktckamusen.org\/index.php\/wp-json\/wp\/v2\/tags?post=1421"}],"curies":[{"name":"wp","href":"https:\/\/api.w.org\/{rel}","templated":true}]}}