{"id":1419,"date":"2026-08-31T05:39:05","date_gmt":"2026-08-31T05:39:05","guid":{"rendered":"https:\/\/www.kktckamusen.org\/?p=1419"},"modified":"2026-08-31T05:39:08","modified_gmt":"2026-08-31T05:39:08","slug":"atan-sorumluluk-makaminda-oturanlar-artik-bedel-odemeyi-de-bilmelidir","status":"publish","type":"post","link":"https:\/\/www.kktckamusen.org\/index.php\/2026\/08\/31\/atan-sorumluluk-makaminda-oturanlar-artik-bedel-odemeyi-de-bilmelidir\/","title":{"rendered":"ATAN: \u201cSORUMLULUK MAKAMINDA OTURANLAR, ARTIK BEDEL \u00d6DEMEY\u0130 DE B\u0130LMEL\u0130D\u0130R\u201d"},"content":{"rendered":"\n<p>ATAN: \u201cSORUMLULUK MAKAMINDA OTURANLAR, ARTIK BEDEL \u00d6DEMEY\u0130 DE B\u0130LMEL\u0130D\u0130R\u201d<\/p>\n\n\n\n<p>Girne a\u00e7\u0131klar\u0131nda ya\u015fanan ve can kay\u0131plar\u0131yla sonu\u00e7lanan feribot facias\u0131, toplumumuzu derin bir ac\u0131ya bo\u011fmu\u015ftur.<\/p>\n\n\n\n<p>Hayat\u0131n\u0131 kaybeden yurtta\u015flar\u0131m\u0131za Allah\u2019tan rahmet, ailelerine ve yak\u0131nlar\u0131na sab\u0131r ve ba\u015fsa\u011fl\u0131\u011f\u0131 diliyor; yaral\u0131lar\u0131m\u0131za acil \u015fifalar temenni ediyoruz. Halen ula\u015f\u0131lamayan yurtta\u015flar\u0131m\u0131za bir an \u00f6nce sa\u011f salim ula\u015f\u0131lmas\u0131n\u0131 umut ediyoruz.<\/p>\n\n\n\n<p>Ancak b\u00f6ylesine a\u011f\u0131r bir facian\u0131n ard\u0131ndan yaln\u0131zca ba\u015fsa\u011fl\u0131\u011f\u0131 mesajlar\u0131 yay\u0131mlamak, soru\u015fturma ba\u015flat\u0131ld\u0131\u011f\u0131n\u0131 s\u00f6ylemek ve kamuoyuna sab\u0131r telkin etmek yeterli de\u011fildir.<\/p>\n\n\n\n<p>Ortada kaybedilmi\u015f canlar vard\u0131r. Dolay\u0131s\u0131yla ortada mutlaka cevaplanmas\u0131 gereken sorular, yerine getirilmesi gereken sorumluluklar ve hesap vermesi gereken makamlar da vard\u0131r.<\/p>\n\n\n\n<p>Kazaya kar\u0131\u015fan geminin teknik durumu, denetimleri, seyre elveri\u015flilik \u015fartlar\u0131, izinleri, bak\u0131m s\u00fcre\u00e7leri ve ilgili kurumlar\u0131n sorumluluklar\u0131 hi\u00e7bir ku\u015fkuya yer b\u0131rakmayacak \u015fekilde kamuoyuna a\u00e7\u0131klanmal\u0131d\u0131r.<\/p>\n\n\n\n<p>Bay\u0131nd\u0131rl\u0131k ve Ula\u015ft\u0131rma Bakanl\u0131\u011f\u0131 ba\u015fta olmak \u00fczere, bu s\u00fcre\u00e7te denetim ve g\u00f6zetim sorumlulu\u011fu bulunan b\u00fct\u00fcn kurumlar\u0131n uygulamalar\u0131 ba\u011f\u0131ms\u0131z ve \u015feffaf bi\u00e7imde soru\u015fturulmal\u0131d\u0131r.<\/p>\n\n\n\n<p>Siyasi sorumluluk yaln\u0131zca a\u00e7\u0131klama yapmakla yerine getirilmez.<\/p>\n\n\n\n<p>Sorumluluk makam\u0131nda bulunan ki\u015fi, kendi g\u00f6rev alan\u0131nda ya\u015fanan b\u00f6ylesine b\u00fcy\u00fck bir facian\u0131n ard\u0131ndan ortaya \u00e7\u0131kan tablo kar\u015f\u0131s\u0131nda siyasi bedel \u00f6demeyi de bilmelidir.<\/p>\n\n\n\n<p>Bu nedenle Bay\u0131nd\u0131rl\u0131k ve Ula\u015ft\u0131rma Bakan\u0131 Erhan Ar\u0131kl\u0131\u2019n\u0131n g\u00f6revinden istifa etmesi gerekti\u011fini a\u00e7\u0131k\u00e7a ifade ediyoruz.<\/p>\n\n\n\n<p>\u0130stifa etmek su\u00e7un kabul\u00fc de\u011fildir; demokratik y\u00f6netim anlay\u0131\u015f\u0131nda siyasi sorumlulu\u011fun gere\u011fidir.<\/p>\n\n\n\n<p>\u0130nsan hayat\u0131n\u0131n s\u00f6z konusu oldu\u011fu bir facian\u0131n ard\u0131ndan makamlar\u0131 korumaya \u00e7al\u0131\u015fmak yerine, kamu vicdan\u0131n\u0131 g\u00f6zetmek ve soru\u015fturman\u0131n hi\u00e7bir siyasi g\u00f6lge alt\u0131nda kalmadan y\u00fcr\u00fct\u00fclmesini sa\u011flamak esast\u0131r.<\/p>\n\n\n\n<p>Kamu y\u00f6netiminde g\u00f6rev \u00fcstlenenler, yaln\u0131zca yetkinin de\u011fil sorumlulu\u011fun da sahibi olduklar\u0131n\u0131 unutmamal\u0131d\u0131r.<\/p>\n\n\n\n<p>Can kay\u0131plar\u0131n\u0131n ya\u015fand\u0131\u011f\u0131 b\u00f6ylesine a\u011f\u0131r bir olayda vicdan sahibi her y\u00f6netici, \u201cBen g\u00f6revimi eksiksiz yapt\u0131m m\u0131, gerekli denetimler zaman\u0131nda ve gerekti\u011fi gibi ger\u00e7ekle\u015ftirildi mi, bu facia \u00f6nlenebilir miydi?\u201d sorular\u0131n\u0131 kendisine sormak zorundad\u0131r.<\/p>\n\n\n\n<p>Toplumun beklentisi \u00e7ok a\u00e7\u0131kt\u0131r:<\/p>\n\n\n\n<p>Ger\u00e7ekler saklanmamal\u0131, hi\u00e7bir kurum veya ki\u015fi korunmamal\u0131, ihmali ve kusuru bulunan kim varsa makam\u0131na bak\u0131lmaks\u0131z\u0131n yarg\u0131 \u00f6n\u00fcnde hesap vermelidir.<\/p>\n\n\n\n<p>KAMUSEN olarak bu facian\u0131n \u00fczerinin hi\u00e7bir gerek\u00e7eyle \u00f6rt\u00fclmesine, sorumlulu\u011fun kurumlar aras\u0131nda da\u011f\u0131t\u0131larak belirsizle\u015ftirilmesine veya olay\u0131n zaman i\u00e7erisinde unutturulmas\u0131na izin verilmemesi gerekti\u011fini vurguluyoruz.<\/p>\n\n\n\n<p>Kaybetti\u011fimiz canlara kar\u015f\u0131 en temel sorumlulu\u011fumuz; ger\u00e7e\u011fin ortaya \u00e7\u0131kar\u0131lmas\u0131, siyasi ve idari sorumlular\u0131n hesap vermesi ve benzer facialar\u0131n bir daha ya\u015fanmamas\u0131 i\u00e7in gerekli t\u00fcm tedbirlerin eksiksiz bi\u00e7imde al\u0131nmas\u0131d\u0131r.<\/p>\n\n\n\n<p>Metin Atan<br>KAMUSEN Ba\u015fkan\u0131<\/p>\n","protected":false},"excerpt":{"rendered":"<p>ATAN: \u201cSORUMLULUK MAKAMINDA OTURANLAR, ARTIK BEDEL \u00d6DEMEY\u0130 DE B\u0130LMEL\u0130D\u0130R\u201d Girne a\u00e7\u0131klar\u0131nda ya\u015fanan ve can kay\u0131plar\u0131yla sonu\u00e7lanan feribot facias\u0131, toplumumuzu derin bir ac\u0131ya bo\u011fmu\u015ftur. Hayat\u0131n\u0131 kaybeden yurtta\u015flar\u0131m\u0131za Allah\u2019tan rahmet, ailelerine ve yak\u0131nlar\u0131na sab\u0131r ve ba\u015fsa\u011fl\u0131\u011f\u0131 diliyor; yaral\u0131lar\u0131m\u0131za acil \u015fifalar temenni ediyoruz. Halen ula\u015f\u0131lamayan yurtta\u015flar\u0131m\u0131za bir an \u00f6nce sa\u011f salim ula\u015f\u0131lmas\u0131n\u0131 umut ediyoruz. Ancak b\u00f6ylesine a\u011f\u0131r bir [&hellip;]<\/p>\n","protected":false},"author":5,"featured_media":1193,"comment_status":"open","ping_status":"open","sticky":false,"template":"","format":"standard","meta":{"tdm_status":"","tdm_grid_status":"","footnotes":""},"categories":[1],"tags":[],"acf":[],"aioseo_notices":[],"_links":{"self":[{"href":"https:\/\/www.kktckamusen.org\/index.php\/wp-json\/wp\/v2\/posts\/1419"}],"collection":[{"href":"https:\/\/www.kktckamusen.org\/index.php\/wp-json\/wp\/v2\/posts"}],"about":[{"href":"https:\/\/www.kktckamusen.org\/index.php\/wp-json\/wp\/v2\/types\/post"}],"author":[{"embeddable":true,"href":"https:\/\/www.kktckamusen.org\/index.php\/wp-json\/wp\/v2\/users\/5"}],"replies":[{"embeddable":true,"href":"https:\/\/www.kktckamusen.org\/index.php\/wp-json\/wp\/v2\/comments?post=1419"}],"version-history":[{"count":1,"href":"https:\/\/www.kktckamusen.org\/index.php\/wp-json\/wp\/v2\/posts\/1419\/revisions"}],"predecessor-version":[{"id":1420,"href":"https:\/\/www.kktckamusen.org\/index.php\/wp-json\/wp\/v2\/posts\/1419\/revisions\/1420"}],"wp:featuredmedia":[{"embeddable":true,"href":"https:\/\/www.kktckamusen.org\/index.php\/wp-json\/wp\/v2\/media\/1193"}],"wp:attachment":[{"href":"https:\/\/www.kktckamusen.org\/index.php\/wp-json\/wp\/v2\/media?parent=1419"}],"wp:term":[{"taxonomy":"category","embeddable":true,"href":"https:\/\/www.kktckamusen.org\/index.php\/wp-json\/wp\/v2\/categories?post=1419"},{"taxonomy":"post_tag","embeddable":true,"href":"https:\/\/www.kktckamusen.org\/index.php\/wp-json\/wp\/v2\/tags?post=1419"}],"curies":[{"name":"wp","href":"https:\/\/api.w.org\/{rel}","templated":true}]}}