{"id":1372,"date":"2025-10-13T08:43:52","date_gmt":"2025-10-13T08:43:52","guid":{"rendered":"https:\/\/www.kktckamusen.org\/?p=1372"},"modified":"2025-10-13T08:43:55","modified_gmt":"2025-10-13T08:43:55","slug":"secimlerde-sendikamiz-kurumsal-olarak-her-adaya-esit-mesafededir","status":"publish","type":"post","link":"https:\/\/www.kktckamusen.org\/index.php\/2025\/10\/13\/secimlerde-sendikamiz-kurumsal-olarak-her-adaya-esit-mesafededir\/","title":{"rendered":"SE\u00c7\u0130MLERDE SEND\u0130KAMIZ KURUMSAL OLARAK HER ADAYA E\u015e\u0130T MESAFEDED\u0130R!"},"content":{"rendered":"\n<p>Cumhurba\u015fkanl\u0131\u011f\u0131 se\u00e7imleri i\u00e7in son haftaya girilmi\u015ftir. Her ne kadar \u00e7ok adayl\u0131 bir se\u00e7im olsa da g\u00fc\u00e7l\u00fc tabanlar\u0131n\u0131n olmas\u0131 ve etkiledi\u011fi, destek ald\u0131\u011f\u0131 kitlenin b\u00fcy\u00fck olmas\u0131 nedeniyle se\u00e7imin iki aday aras\u0131nda ge\u00e7ece\u011fi g\u00f6r\u00fclmektedir. Halk\u0131m\u0131z, \u00f6zellikle ge\u00e7mi\u015f olan be\u015f y\u0131l\u0131n de\u011ferlendirilmesi ile \u00f6n\u00fcm\u00fczdeki be\u015f y\u0131l i\u00e7in konulan hedefleri de\u011ferlendirerek sand\u0131klara gidecek ve bu se\u00e7imin kaderini belirleyecektir. Bunun i\u00e7in de adaylar\u0131n kendilerini ve vizyonlar\u0131n\u0131 halk\u0131na ne kadar anlatabildi\u011fi ve \u00f6zellikle farkl\u0131 g\u00f6r\u00fc\u015fteki ki\u015filere fikirlerini ne \u00f6l\u00e7\u00fcde aktarabildi\u011fi etkili olacakt\u0131r.<\/p>\n\n\n\n<p>S\u00fcre\u00e7 i\u00e7erisinde Y\u00f6netim Kurulu \u00fcyelerimiz veya sendika \u00fcyelerimiz gelece\u011fe dair beklentilerini ya da ele\u015ftirilerini kendi fikirleri do\u011frultusunda dile getirmektedir. Cumhurba\u015fkanl\u0131\u011f\u0131 se\u00e7imleri ile ilgili sendika olarak al\u0131nm\u0131\u015f bir karar\u0131m\u0131z yoktur ve her birey kendi \u00f6zg\u00fcr d\u00fc\u015f\u00fcncelerini ifade etmektedir. Herhangi bir aday\u0131n veya g\u00f6r\u00fc\u015f\u00fcn desteklenmesi y\u00f6n\u00fcnde \u00fcyeler aras\u0131 referanduma gidilmedi\u011fi ve hatta Y\u00f6netim Kurulunda da bu y\u00f6nde karar \u00fcretilmemesi nedeniyle yap\u0131lan her a\u00e7\u0131klama bireyseldir, sendikay\u0131 ba\u011flay\u0131c\u0131 de\u011fildir. Sendika y\u00f6netim kurulumuzda her g\u00f6r\u00fc\u015ften y\u00f6netim kurulu \u00fcyesi ve yine sendika \u00fcye yap\u0131m\u0131zda da her g\u00f6r\u00fc\u015ften \u00fcye profili bulunmaktad\u0131r. Bu nedenle \u201csendikam\u0131z kurumsal olarak her adaya e\u015fit mesafededir\u201d. Her vatanda\u015f gibi Y\u00f6netim Kurulu \u00dcyelerimiz ve di\u011fer t\u00fcm \u00fcyelerimiz anayasal ve yasal hakk\u0131 olan oyunu kullanmak \u00fczere sand\u0131klara gitti\u011finde vatanda\u015fl\u0131k g\u00f6revi olarak \u00f6zg\u00fcrce h\u00fcr iradesini diledi\u011fi adaya oy vererek sand\u0131\u011fa yans\u0131tacakt\u0131r.<\/p>\n\n\n\n<p>&nbsp;&nbsp;&nbsp;&nbsp;&nbsp;&nbsp;&nbsp;&nbsp;&nbsp;&nbsp;&nbsp;&nbsp;&nbsp;&nbsp;&nbsp; Se\u00e7im d\u00f6nemlerinde \u00fclkemizdeki en b\u00fcy\u00fck zenginli\u011fimiz kar\u015f\u0131m\u0131zdaki veya destekledi\u011fimiz aday\u0131 sayg\u0131 \u00e7er\u00e7evesinde ele\u015ftirebilme \u00f6zg\u00fcrl\u00fc\u011f\u00fcm\u00fczd\u00fcr. Ge\u00e7mi\u015f se\u00e7im s\u00fcre\u00e7lerinde tecr\u00fcbe etti\u011fimiz en \u00f6nemli durum ise se\u00e7imlerin hemen sonras\u0131nda herkesin y\u00fcz y\u00fcze bakabilmesi, k\u00fcsl\u00fcklerin olmamas\u0131, dostluklar\u0131n aynen devam etmesi de demokrasimizin bir gelene\u011fidir. Haftasonu yap\u0131lacak olan Cumhurba\u015fkanl\u0131\u011f\u0131 se\u00e7iminde t\u00fcm adaylara ba\u015far\u0131lar diler, se\u00e7im sonu\u00e7lar\u0131n\u0131n \u00fclkemiz i\u00e7in hay\u0131rlara vesile olmas\u0131n\u0131 dileriz.<\/p>\n","protected":false},"excerpt":{"rendered":"<p>Cumhurba\u015fkanl\u0131\u011f\u0131 se\u00e7imleri i\u00e7in son haftaya girilmi\u015ftir. Her ne kadar \u00e7ok adayl\u0131 bir se\u00e7im olsa da g\u00fc\u00e7l\u00fc tabanlar\u0131n\u0131n olmas\u0131 ve etkiledi\u011fi, destek ald\u0131\u011f\u0131 kitlenin b\u00fcy\u00fck olmas\u0131 nedeniyle se\u00e7imin iki aday aras\u0131nda ge\u00e7ece\u011fi g\u00f6r\u00fclmektedir. Halk\u0131m\u0131z, \u00f6zellikle ge\u00e7mi\u015f olan be\u015f y\u0131l\u0131n de\u011ferlendirilmesi ile \u00f6n\u00fcm\u00fczdeki be\u015f y\u0131l i\u00e7in konulan hedefleri de\u011ferlendirerek sand\u0131klara gidecek ve bu se\u00e7imin kaderini belirleyecektir. Bunun [&hellip;]<\/p>\n","protected":false},"author":5,"featured_media":1368,"comment_status":"open","ping_status":"open","sticky":false,"template":"","format":"standard","meta":{"tdm_status":"","tdm_grid_status":"","footnotes":""},"categories":[1],"tags":[],"acf":[],"aioseo_notices":[],"_links":{"self":[{"href":"https:\/\/www.kktckamusen.org\/index.php\/wp-json\/wp\/v2\/posts\/1372"}],"collection":[{"href":"https:\/\/www.kktckamusen.org\/index.php\/wp-json\/wp\/v2\/posts"}],"about":[{"href":"https:\/\/www.kktckamusen.org\/index.php\/wp-json\/wp\/v2\/types\/post"}],"author":[{"embeddable":true,"href":"https:\/\/www.kktckamusen.org\/index.php\/wp-json\/wp\/v2\/users\/5"}],"replies":[{"embeddable":true,"href":"https:\/\/www.kktckamusen.org\/index.php\/wp-json\/wp\/v2\/comments?post=1372"}],"version-history":[{"count":1,"href":"https:\/\/www.kktckamusen.org\/index.php\/wp-json\/wp\/v2\/posts\/1372\/revisions"}],"predecessor-version":[{"id":1373,"href":"https:\/\/www.kktckamusen.org\/index.php\/wp-json\/wp\/v2\/posts\/1372\/revisions\/1373"}],"wp:featuredmedia":[{"embeddable":true,"href":"https:\/\/www.kktckamusen.org\/index.php\/wp-json\/wp\/v2\/media\/1368"}],"wp:attachment":[{"href":"https:\/\/www.kktckamusen.org\/index.php\/wp-json\/wp\/v2\/media?parent=1372"}],"wp:term":[{"taxonomy":"category","embeddable":true,"href":"https:\/\/www.kktckamusen.org\/index.php\/wp-json\/wp\/v2\/categories?post=1372"},{"taxonomy":"post_tag","embeddable":true,"href":"https:\/\/www.kktckamusen.org\/index.php\/wp-json\/wp\/v2\/tags?post=1372"}],"curies":[{"name":"wp","href":"https:\/\/api.w.org\/{rel}","templated":true}]}}