{"id":1367,"date":"2025-08-07T08:48:40","date_gmt":"2025-08-07T08:48:40","guid":{"rendered":"https:\/\/www.kktckamusen.org\/?p=1367"},"modified":"2025-08-07T08:48:42","modified_gmt":"2025-08-07T08:48:42","slug":"ucube-goc-yasasi-47-2010-sayili-yasa-yururlukten-kaldirilmalidir","status":"publish","type":"post","link":"https:\/\/www.kktckamusen.org\/index.php\/2025\/08\/07\/ucube-goc-yasasi-47-2010-sayili-yasa-yururlukten-kaldirilmalidir\/","title":{"rendered":"UCUBE G\u00d6\u00c7 YASASI (47\/2010 SAYILI YASA) Y\u00dcR\u00dcRL\u00dcKTEN KALDIRILMALIDIR!!"},"content":{"rendered":"\n<p>UCUBE G\u00d6\u00c7 YASASI (47\/2010 SAYILI YASA) Y\u00dcR\u00dcRL\u00dcKTEN KALDIRILMALIDIR!!<\/p>\n\n\n\n<p>Ekonomik tedbir ad\u0131 alt\u0131nda dayatma ile t\u00fcm sendikalar\u0131n, sivil toplum \u00f6rg\u00fctlerinin ve halk\u0131n, belki de tarihinde en \u00e7ok kat\u0131l\u0131mla ger\u00e7ekle\u015ftirdi\u011fi grevlere ra\u011fmen dayatma olarak getirilen 47\/2010 say\u0131l\u0131 \u201cKamu \u00c7al\u0131\u015fanlar\u0131n\u0131n Ayl\u0131k (Maa\u015f-\u00dccret) ve Di\u011fer \u00d6deneklerinin D\u00fczenlenmesi Yasas\u0131\u201d meclisten ge\u00e7irilerek yasala\u015fm\u0131\u015ft\u0131. Bu yasa ile maa\u015flar d\u00fc\u015f\u00fcr\u00fclm\u00fc\u015f, \u00f6zl\u00fck haklar\u0131 budanm\u0131\u015f ve gelecek kayg\u0131s\u0131 yarat\u0131larak vatanda\u015flar g\u00f6\u00e7e zorlanacak hale getirilmi\u015fti. Sendikalar\u0131n m\u00fccadelesi ile zaman i\u00e7inde \u00f6zl\u00fck haklar\u0131nda baz\u0131 iyile\u015ftirmeler yap\u0131lsa ve maa\u015flar bir nebze art\u0131r\u0131lsa bile istenilen seviyelere bir t\u00fcrl\u00fc getirilemedi.<\/p>\n\n\n\n<p>Kamuda ayn\u0131 oda i\u00e7erisinde \u00e7al\u0131\u015fan ve ayn\u0131 i\u015fi yapan ancak 7\/1979 say\u0131l\u0131 yasa yani eski yasadan i\u015fe giren bir \u00e7al\u0131\u015fan ile 47\/2010 say\u0131l\u0131 yeni yasadan i\u015fe giren \u00e7al\u0131\u015fanlar aras\u0131nda farklar yarat\u0131lm\u0131\u015f \u00e7al\u0131\u015fanlar\u0131n kendi i\u00e7inde de huzursuzluklar ortaya \u00e7\u0131kar\u0131lm\u0131\u015ft\u0131r. \u00d6rne\u011fin; g\u00f6\u00e7 yasas\u0131nda barem skalalar\u0131 i\u00e7 i\u00e7e girmi\u015f baz\u0131 durumlarda y\u00fckselme s\u0131nav\u0131na girip ba\u015far\u0131l\u0131 olanlar yeni baremlerinde \u00e7ok d\u00fc\u015f\u00fck art\u0131\u015fl\u0131 barem ge\u00e7irilerek ciddi maa\u015f kayb\u0131na u\u011framaktad\u0131r, eski yasadan i\u015fe giren bir kad\u0131n \u00e7al\u0131\u015fana be\u015f y\u0131la bir y\u0131pranma hakk\u0131 verilirken yeni yasadan girenlere bu hak verilmemi\u015ftir. Eski yasadan giren bir memur gerekmesi halinde y\u00fczde y\u00fcz ek \u00e7al\u0131\u015fma yapabiliyorken, yeni yasadan girenler y\u00fczde elli (sa\u011fl\u0131k \u00e7al\u0131\u015fanlar\u0131 hari\u00e7) ile k\u0131s\u0131tlanm\u0131\u015ft\u0131r. Eski yasadan giren bir kamu g\u00f6revlisi y\u00fckselme s\u0131nav\u0131nda ba\u015far\u0131l\u0131 olmas\u0131 halinde kadro fazlas\u0131 olarak terfi alabiliyorken, yeni yasadan s\u0131nava girenler s\u0131navda ba\u015far\u0131l\u0131 olsa bile kadro fazlas\u0131 olarak terfi alam\u0131yor \u015feklinde \u00f6rnekleri s\u0131ralayabiliriz. Bu durum da \u00e7al\u0131\u015fanlar aras\u0131nda \u00e7at\u0131\u015fmalara yol a\u00e7maktad\u0131r.<\/p>\n\n\n\n<p>Ayn\u0131 i\u015fi yapan \u00e7al\u0131\u015fanlar aras\u0131ndaki farkl\u0131l\u0131klar\u0131 ortadan kald\u0131rabilmek i\u00e7in t\u00fcm \u00e7al\u0131\u015fanlar\u0131n tek \u00e7at\u0131 alt\u0131nda toplanmas\u0131n\u0131 sa\u011flayacak \u201cKamu Reform Yasas\u0131\u201d \u00e7al\u0131\u015f\u0131lm\u0131\u015f ve son a\u015famaya kadar getirilmi\u015fti. 4\u2019l\u00fc h\u00fck\u00fcmet d\u00f6neminde son yap\u0131lan g\u00f6r\u00fc\u015fmelerde t\u00fcm yasa i\u00e7inde sadece \u00fc\u00e7 madde de uzla\u015f\u0131 sa\u011flanamam\u0131\u015ft\u0131. O zamanki h\u00fck\u00fcmetin d\u00fc\u015fmesiyle bu yasa rafa kalkm\u0131\u015f ve bir daha g\u00f6r\u00fc\u015f\u00fclmemi\u015ftir. \u00d6zetle; g\u00f6\u00e7 yasas\u0131 dedi\u011fimiz bu ucube yasada art\u0131k bircik bircik iyile\u015ftirmeler yapmak yerine bunu k\u00f6kten y\u00fcr\u00fcrl\u00fckten kald\u0131rmak, e\u015fitsizlikleri ortadan kald\u0131racak ve \u00e7al\u0131\u015fanlar\u0131 ayn\u0131 yasa alt\u0131nda birle\u015ftirmek en do\u011fru \u00e7\u00f6z\u00fcm olacakt\u0131r. H\u00fck\u00fcmetin, bitmeye az kalm\u0131\u015f haz\u0131r olan bu yasay\u0131 ivedilikle g\u00fcndeme almas\u0131n\u0131 talep ederiz.<\/p>\n","protected":false},"excerpt":{"rendered":"<p>UCUBE G\u00d6\u00c7 YASASI (47\/2010 SAYILI YASA) Y\u00dcR\u00dcRL\u00dcKTEN KALDIRILMALIDIR!! Ekonomik tedbir ad\u0131 alt\u0131nda dayatma ile t\u00fcm sendikalar\u0131n, sivil toplum \u00f6rg\u00fctlerinin ve halk\u0131n, belki de tarihinde en \u00e7ok kat\u0131l\u0131mla ger\u00e7ekle\u015ftirdi\u011fi grevlere ra\u011fmen dayatma olarak getirilen 47\/2010 say\u0131l\u0131 \u201cKamu \u00c7al\u0131\u015fanlar\u0131n\u0131n Ayl\u0131k (Maa\u015f-\u00dccret) ve Di\u011fer \u00d6deneklerinin D\u00fczenlenmesi Yasas\u0131\u201d meclisten ge\u00e7irilerek yasala\u015fm\u0131\u015ft\u0131. Bu yasa ile maa\u015flar d\u00fc\u015f\u00fcr\u00fclm\u00fc\u015f, \u00f6zl\u00fck haklar\u0131 budanm\u0131\u015f [&hellip;]<\/p>\n","protected":false},"author":5,"featured_media":1368,"comment_status":"open","ping_status":"open","sticky":false,"template":"","format":"standard","meta":{"tdm_status":"","tdm_grid_status":"","footnotes":""},"categories":[1],"tags":[],"acf":[],"aioseo_notices":[],"_links":{"self":[{"href":"https:\/\/www.kktckamusen.org\/index.php\/wp-json\/wp\/v2\/posts\/1367"}],"collection":[{"href":"https:\/\/www.kktckamusen.org\/index.php\/wp-json\/wp\/v2\/posts"}],"about":[{"href":"https:\/\/www.kktckamusen.org\/index.php\/wp-json\/wp\/v2\/types\/post"}],"author":[{"embeddable":true,"href":"https:\/\/www.kktckamusen.org\/index.php\/wp-json\/wp\/v2\/users\/5"}],"replies":[{"embeddable":true,"href":"https:\/\/www.kktckamusen.org\/index.php\/wp-json\/wp\/v2\/comments?post=1367"}],"version-history":[{"count":1,"href":"https:\/\/www.kktckamusen.org\/index.php\/wp-json\/wp\/v2\/posts\/1367\/revisions"}],"predecessor-version":[{"id":1369,"href":"https:\/\/www.kktckamusen.org\/index.php\/wp-json\/wp\/v2\/posts\/1367\/revisions\/1369"}],"wp:featuredmedia":[{"embeddable":true,"href":"https:\/\/www.kktckamusen.org\/index.php\/wp-json\/wp\/v2\/media\/1368"}],"wp:attachment":[{"href":"https:\/\/www.kktckamusen.org\/index.php\/wp-json\/wp\/v2\/media?parent=1367"}],"wp:term":[{"taxonomy":"category","embeddable":true,"href":"https:\/\/www.kktckamusen.org\/index.php\/wp-json\/wp\/v2\/categories?post=1367"},{"taxonomy":"post_tag","embeddable":true,"href":"https:\/\/www.kktckamusen.org\/index.php\/wp-json\/wp\/v2\/tags?post=1367"}],"curies":[{"name":"wp","href":"https:\/\/api.w.org\/{rel}","templated":true}]}}