{"id":1364,"date":"2025-07-31T08:36:27","date_gmt":"2025-07-31T08:36:27","guid":{"rendered":"https:\/\/www.kktckamusen.org\/?p=1364"},"modified":"2025-07-31T08:36:30","modified_gmt":"2025-07-31T08:36:30","slug":"kamusen-genel-baskani-metin-atanin-1-agustos-toplumsal-direnis-bayrami-mesaji","status":"publish","type":"post","link":"https:\/\/www.kktckamusen.org\/index.php\/2025\/07\/31\/kamusen-genel-baskani-metin-atanin-1-agustos-toplumsal-direnis-bayrami-mesaji\/","title":{"rendered":"Kamusen Genel Ba\u015fkan\u0131 Metin Atan\u2019\u0131n 1 A\u011fustos Toplumsal Direni\u015f Bayram\u0131 Mesaj\u0131"},"content":{"rendered":"\n<p><strong>Kamusen Genel Ba\u015fkan\u0131 Metin Atan\u2019\u0131n 1 A\u011fustos Toplumsal Direni\u015f Bayram\u0131 Mesaj\u0131<\/strong><\/p>\n\n\n\n<p>K\u0131br\u0131s T\u00fcrk halk\u0131 i\u00e7in 1 A\u011fustos, yaln\u0131zca bir tarih de\u011fil, varolu\u015fumuzun, \u00f6zg\u00fcrl\u00fck m\u00fccadelemizin ve ba\u011f\u0131ms\u0131zl\u0131k kararl\u0131l\u0131\u011f\u0131m\u0131z\u0131n simgesidir. Bu topraklarda \u00f6zg\u00fcr bir \u015fekilde var olabilmemiz, 1958 Direni\u015f Te\u015fkilat\u0131\u2019n\u0131n, T\u00fcrk Mukavemet Te\u015fkilat\u0131\u2019n\u0131n (TMT) ve Mehmet\u00e7ik\u2019in \u00f6zverili m\u00fccadelesinin eseridir.<\/p>\n\n\n\n<p>K\u0131br\u0131s T\u00fcrk\u00fc, tarih boyunca e\u015fitlik, \u00f6zg\u00fcrl\u00fck ve g\u00fcvenlik m\u00fccadelesinden asla vazge\u00e7memi\u015ftir. Bug\u00fcn de ayn\u0131 kararl\u0131l\u0131kla devletimizin egemenli\u011fini, haklar\u0131m\u0131z\u0131 ve varl\u0131\u011f\u0131m\u0131z\u0131 koruma irademizi s\u00fcrd\u00fcr\u00fcyoruz.<\/p>\n\n\n\n<p>Kamusen olarak bir kez daha vurguluyoruz ki;<\/p>\n\n\n\n<p>&nbsp;\u2022 K\u0131br\u0131s T\u00fcrk halk\u0131n\u0131n ba\u011f\u0131ms\u0131zl\u0131\u011f\u0131 pazarl\u0131k konusu yap\u0131lamaz.<\/p>\n\n\n\n<p>&nbsp;\u2022 Devletimiz, bayra\u011f\u0131m\u0131z ve \u00f6zg\u00fcrl\u00fc\u011f\u00fcm\u00fcz, her \u015feyin \u00fczerindedir.<\/p>\n\n\n\n<p>&nbsp;\u2022 Direni\u015f ruhu, gelecek nesillere aktarmam\u0131z gereken en b\u00fcy\u00fck mirast\u0131r.<\/p>\n\n\n\n<p>Bu vesileyle 1 A\u011fustos Toplumsal Direni\u015f Bayram\u0131\u2019n\u0131 kutluyor, ba\u015fta TMT mensuplar\u0131 olmak \u00fczere t\u00fcm \u015fehitlerimizi rahmet, gazilerimizi minnetle an\u0131yoruz.<\/p>\n\n\n\n<p>Metin ATAN<\/p>\n\n\n\n<p>Kamusen Genel Ba\u015fkan\u0131<\/p>\n","protected":false},"excerpt":{"rendered":"<p>Kamusen Genel Ba\u015fkan\u0131 Metin Atan\u2019\u0131n 1 A\u011fustos Toplumsal Direni\u015f Bayram\u0131 Mesaj\u0131 K\u0131br\u0131s T\u00fcrk halk\u0131 i\u00e7in 1 A\u011fustos, yaln\u0131zca bir tarih de\u011fil, varolu\u015fumuzun, \u00f6zg\u00fcrl\u00fck m\u00fccadelemizin ve ba\u011f\u0131ms\u0131zl\u0131k kararl\u0131l\u0131\u011f\u0131m\u0131z\u0131n simgesidir. Bu topraklarda \u00f6zg\u00fcr bir \u015fekilde var olabilmemiz, 1958 Direni\u015f Te\u015fkilat\u0131\u2019n\u0131n, T\u00fcrk Mukavemet Te\u015fkilat\u0131\u2019n\u0131n (TMT) ve Mehmet\u00e7ik\u2019in \u00f6zverili m\u00fccadelesinin eseridir. K\u0131br\u0131s T\u00fcrk\u00fc, tarih boyunca e\u015fitlik, \u00f6zg\u00fcrl\u00fck ve g\u00fcvenlik [&hellip;]<\/p>\n","protected":false},"author":5,"featured_media":1365,"comment_status":"open","ping_status":"open","sticky":false,"template":"","format":"standard","meta":{"tdm_status":"","tdm_grid_status":"","footnotes":""},"categories":[1],"tags":[],"acf":[],"aioseo_notices":[],"_links":{"self":[{"href":"https:\/\/www.kktckamusen.org\/index.php\/wp-json\/wp\/v2\/posts\/1364"}],"collection":[{"href":"https:\/\/www.kktckamusen.org\/index.php\/wp-json\/wp\/v2\/posts"}],"about":[{"href":"https:\/\/www.kktckamusen.org\/index.php\/wp-json\/wp\/v2\/types\/post"}],"author":[{"embeddable":true,"href":"https:\/\/www.kktckamusen.org\/index.php\/wp-json\/wp\/v2\/users\/5"}],"replies":[{"embeddable":true,"href":"https:\/\/www.kktckamusen.org\/index.php\/wp-json\/wp\/v2\/comments?post=1364"}],"version-history":[{"count":1,"href":"https:\/\/www.kktckamusen.org\/index.php\/wp-json\/wp\/v2\/posts\/1364\/revisions"}],"predecessor-version":[{"id":1366,"href":"https:\/\/www.kktckamusen.org\/index.php\/wp-json\/wp\/v2\/posts\/1364\/revisions\/1366"}],"wp:featuredmedia":[{"embeddable":true,"href":"https:\/\/www.kktckamusen.org\/index.php\/wp-json\/wp\/v2\/media\/1365"}],"wp:attachment":[{"href":"https:\/\/www.kktckamusen.org\/index.php\/wp-json\/wp\/v2\/media?parent=1364"}],"wp:term":[{"taxonomy":"category","embeddable":true,"href":"https:\/\/www.kktckamusen.org\/index.php\/wp-json\/wp\/v2\/categories?post=1364"},{"taxonomy":"post_tag","embeddable":true,"href":"https:\/\/www.kktckamusen.org\/index.php\/wp-json\/wp\/v2\/tags?post=1364"}],"curies":[{"name":"wp","href":"https:\/\/api.w.org\/{rel}","templated":true}]}}