{"id":1360,"date":"2025-07-18T08:46:57","date_gmt":"2025-07-18T08:46:57","guid":{"rendered":"https:\/\/www.kktckamusen.org\/?p=1360"},"modified":"2025-07-18T08:47:01","modified_gmt":"2025-07-18T08:47:01","slug":"iskele-sosyal-sigortalar-dairesinde-eylem-sendikalardan-hijyen-isyani","status":"publish","type":"post","link":"https:\/\/www.kktckamusen.org\/index.php\/2025\/07\/18\/iskele-sosyal-sigortalar-dairesinde-eylem-sendikalardan-hijyen-isyani\/","title":{"rendered":"\u0130skele Sosyal Sigortalar Dairesi\u2019nde eylem: Sendikalardan hijyen isyan\u0131"},"content":{"rendered":"\n<p>\u0130skele Sosyal Sigortalar Dairesi\u2019nde eylem: Sendikalardan hijyen isyan\u0131<\/p>\n\n\n\n<p>K\u0131br\u0131s T\u00fcrk Kamu G\u00f6revlileri Sendikas\u0131 (Kamu-Sen) ve Ada Kamu \u0130\u015f\u00e7ileri Sendikas\u0131 (Ada-Sen), \u0130skele Sosyal Sigortalar Dairesi\u2019nde ya\u015fanan sa\u011fl\u0131k ve hijyen sorunlar\u0131 nedeniyle eylem ba\u015flatt\u0131.<\/p>\n\n\n\n<p>Kamu-Sen Ba\u015fkan\u0131 Metin Atan, sendikalar\u0131n daha \u00f6nce \u00e7\u00f6z\u00fcm \u00f6nerileri sundu\u011funu ancak yetkililerin duyars\u0131z kald\u0131\u011f\u0131n\u0131 belirtti. Atan, \u201c\u00c7al\u0131\u015fanlar\u0131n ayaklar\u0131na kadar la\u011f\u0131m suyu geliyorsa, burada hizmet verilemez\u201d dedi.<\/p>\n\n\n\n<p>Sorunun sadece \u00e7al\u0131\u015fanlar\u0131 de\u011fil, vatanda\u015f\u0131 da etkiledi\u011fini vurgulayan Atan, binan\u0131n derhal tahliye edilmesi gerekti\u011fini ifade ederek, \u201cSa\u011fl\u0131k a\u00e7\u0131s\u0131ndan kabul edilemez bir ortam var. 31 Temmuz 2025 son tarihtir. Ya ba\u015fka bir binaya ta\u015f\u0131n\u0131lacak ya da s\u00fcresiz eylem ba\u015flataca\u011f\u0131z\u201d uyar\u0131s\u0131nda bulundu.<\/p>\n","protected":false},"excerpt":{"rendered":"<p>\u0130skele Sosyal Sigortalar Dairesi\u2019nde eylem: Sendikalardan hijyen isyan\u0131 K\u0131br\u0131s T\u00fcrk Kamu G\u00f6revlileri Sendikas\u0131 (Kamu-Sen) ve Ada Kamu \u0130\u015f\u00e7ileri Sendikas\u0131 (Ada-Sen), \u0130skele Sosyal Sigortalar Dairesi\u2019nde ya\u015fanan sa\u011fl\u0131k ve hijyen sorunlar\u0131 nedeniyle eylem ba\u015flatt\u0131. Kamu-Sen Ba\u015fkan\u0131 Metin Atan, sendikalar\u0131n daha \u00f6nce \u00e7\u00f6z\u00fcm \u00f6nerileri sundu\u011funu ancak yetkililerin duyars\u0131z kald\u0131\u011f\u0131n\u0131 belirtti. Atan, \u201c\u00c7al\u0131\u015fanlar\u0131n ayaklar\u0131na kadar la\u011f\u0131m suyu geliyorsa, burada [&hellip;]<\/p>\n","protected":false},"author":5,"featured_media":1361,"comment_status":"open","ping_status":"open","sticky":false,"template":"","format":"standard","meta":{"tdm_status":"","tdm_grid_status":"","footnotes":""},"categories":[1],"tags":[],"acf":[],"aioseo_notices":[],"_links":{"self":[{"href":"https:\/\/www.kktckamusen.org\/index.php\/wp-json\/wp\/v2\/posts\/1360"}],"collection":[{"href":"https:\/\/www.kktckamusen.org\/index.php\/wp-json\/wp\/v2\/posts"}],"about":[{"href":"https:\/\/www.kktckamusen.org\/index.php\/wp-json\/wp\/v2\/types\/post"}],"author":[{"embeddable":true,"href":"https:\/\/www.kktckamusen.org\/index.php\/wp-json\/wp\/v2\/users\/5"}],"replies":[{"embeddable":true,"href":"https:\/\/www.kktckamusen.org\/index.php\/wp-json\/wp\/v2\/comments?post=1360"}],"version-history":[{"count":1,"href":"https:\/\/www.kktckamusen.org\/index.php\/wp-json\/wp\/v2\/posts\/1360\/revisions"}],"predecessor-version":[{"id":1362,"href":"https:\/\/www.kktckamusen.org\/index.php\/wp-json\/wp\/v2\/posts\/1360\/revisions\/1362"}],"wp:featuredmedia":[{"embeddable":true,"href":"https:\/\/www.kktckamusen.org\/index.php\/wp-json\/wp\/v2\/media\/1361"}],"wp:attachment":[{"href":"https:\/\/www.kktckamusen.org\/index.php\/wp-json\/wp\/v2\/media?parent=1360"}],"wp:term":[{"taxonomy":"category","embeddable":true,"href":"https:\/\/www.kktckamusen.org\/index.php\/wp-json\/wp\/v2\/categories?post=1360"},{"taxonomy":"post_tag","embeddable":true,"href":"https:\/\/www.kktckamusen.org\/index.php\/wp-json\/wp\/v2\/tags?post=1360"}],"curies":[{"name":"wp","href":"https:\/\/api.w.org\/{rel}","templated":true}]}}