{"id":1342,"date":"2025-04-16T11:21:58","date_gmt":"2025-04-16T11:21:58","guid":{"rendered":"https:\/\/www.kktckamusen.org\/?p=1342"},"modified":"2025-04-16T11:22:01","modified_gmt":"2025-04-16T11:22:01","slug":"kidrislioglu-bolunmeyecegiz-eylemlerde-beraber-guc-birligi-yapacagiz","status":"publish","type":"post","link":"https:\/\/www.kktckamusen.org\/index.php\/2025\/04\/16\/kidrislioglu-bolunmeyecegiz-eylemlerde-beraber-guc-birligi-yapacagiz\/","title":{"rendered":"KIDRI\u015eLIO\u011eLU \u201cB\u00d6L\u00dcNMEYECE\u011e\u0130Z, EYLEMLERDE BERABER G\u00dc\u00c7 B\u0130RL\u0130\u011e\u0130 YAPACA\u011eIZ\u201d"},"content":{"rendered":"\n<p>KIDRI\u015eLIO\u011eLU \u201cB\u00d6L\u00dcNMEYECE\u011e\u0130Z, EYLEMLERDE BERABER G\u00dc\u00c7 B\u0130RL\u0130\u011e\u0130 YAPACA\u011eIZ\u201d<\/p>\n\n\n\n<p>\u201cSUN\u0130 MESELELERLE ESAS SORUNLAR G\u00d6ZDEN KA\u00c7IRILIYOR\u201d<\/p>\n\n\n\n<p>\u201cKKTC MECL\u0130S\u0130 TOPLANARAK BU KARARI KINAYACAK B\u0130R DEKLARASYON YAYINLAMALI\u201d<\/p>\n\n\n\n<p>\u201cM\u00dcCADELEM\u0130Z\u0130 ANAYASA VE YASALAR \u00c7ER\u00c7EVES\u0130NDE S\u00dcRD\u00dcR\u00dcYORUZ\u201d<\/p>\n\n\n\n<p>\u201cSORUN HERKES\u0130N SORUNU, GER\u0130 ADIM ATMAYACA\u011eIZ\u201d<\/p>\n\n\n\n<p>\u201cT\u00dcRK\u0130YE CUMHUR\u0130YET\u0130\u2019N\u0130N GARANT\u00d6RL\u00dc\u011e\u00dc\u2019N\u00dc TARTI\u015eMA KONUSU YAPMAYALIM\u201d<\/p>\n\n\n\n<p>KAMUSEN Genel Sekreteri \u00d6zg\u00fcr K\u0131dr\u0131\u015fl\u0131o\u011flu,&nbsp; K\u0131br\u0131s k\u00fclt\u00fcr\u00fcne ayk\u0131r\u0131 uygulamalara kar\u015f\u0131, 50\u2019ye yak\u0131n \u00f6rg\u00fctle birlikte m\u00fccadele eden sendikalar\u0131yla birlikte, \u00fclkeyi b\u00f6lmeye \u00e7al\u0131\u015fan kesimlere kar\u015f\u0131 birlik mesaj\u0131 verdi.<\/p>\n\n\n\n<p>KKTC\u2019nin yaln\u0131zla\u015ft\u0131r\u0131ld\u0131\u011f\u0131 bu d\u00f6nemde, T\u00fcrkiye\u2019nin garant\u00f6rl\u00fc\u011f\u00fcn\u00fcn tart\u0131\u015fma konusu yap\u0131lmamas\u0131 gerekti\u011fi vurgulayan K\u0131dr\u0131\u015fl\u0131o\u011flu \u201cT\u00fcrkiye Cumhuriyeti\u2019nin garant\u00f6rl\u00fc\u011f\u00fcn\u00fcn \u00f6neminin daha da fark\u0131na varmaktay\u0131z. Dolay\u0131s\u0131yla birlikte ad\u0131m att\u0131\u011f\u0131m\u0131z eylemlerde \u201cT\u00fcrkiye, Ankara elini yakam\u0131zdan \u00e7ek veya i\u015fgal\u201d kelimelerini de asla kabul etmiyoruz\u201d dedi.<\/p>\n\n\n\n<p>\u201cSUN\u0130 MESELELERLE ESAS SORUNLAR G\u00d6ZDEN KA\u00c7IRILIYOR\u201d<\/p>\n\n\n\n<p>KAMUSEN Genel Sekreteri \u00d6zg\u00fcr K\u0131dr\u0131\u015fl\u0131o\u011flu, \u00fclkenin g\u00fcndeminin bilin\u00e7li olarak suni meselelerle de\u011fi\u015ftirilerek esas sorunlar\u0131n g\u00f6zden ka\u00e7\u0131r\u0131lmaya \u00e7al\u0131\u015f\u0131ld\u0131\u011f\u0131n\u0131 belirtti. Ba\u015f\u00f6rt\u00fcs\u00fc tart\u0131\u015fmalar\u0131 ve a\u00e7\u0131l\u0131\u015flarda dua okunmas\u0131 gibi konular\u0131n \u00f6n plana \u00e7\u0131kar\u0131ld\u0131\u011f\u0131n\u0131 ifade eden K\u0131dr\u0131\u015fl\u0131o\u011flu, KKTC\u2019nin tan\u0131nmamas\u0131yla ilgili BM kararlar\u0131n\u0131n ve Rum kesiminde T\u00fcrk devletlerinin b\u00fcy\u00fckel\u00e7ilik a\u00e7mas\u0131n\u0131n daha b\u00fcy\u00fck bir tehdit olu\u015fturdu\u011funa dikkat \u00e7ekti.&nbsp;<\/p>\n\n\n\n<p>\u201cKKTC MECL\u0130S\u0130 TOPLANARAK BU KARARI KINAYACAK B\u0130R DEKLARASYON YAYINLAMALI\u201d<\/p>\n\n\n\n<p>Yetkililerin bu geli\u015fmelere kar\u015f\u0131 sessiz kald\u0131\u011f\u0131n\u0131 vurgulayan K\u0131dr\u0131\u015fl\u0131o\u011flu, h\u00fck\u00fcmetin, muhalefetin ve Cumhurba\u015fkan\u0131n\u0131n bu duruma kar\u015f\u0131 sert tepki g\u00f6stermesi gerekti\u011fini s\u00f6yledi. KKTC Meclisi\u2019nin toplanarak bir deklarasyon yay\u0131mlamas\u0131 ve bu kararlar\u0131 k\u0131namas\u0131 gerekti\u011fini ifade etti.&nbsp;<\/p>\n\n\n\n<p>\u201cM\u00dcCADELEM\u0130Z\u0130 ANAYASA VE YASALAR \u00c7ER\u00c7EVES\u0130NDE S\u00dcRD\u00dcR\u00dcYORUZ\u201d<\/p>\n\n\n\n<p>G\u00fcndemdeki esas sorunlara tekrar d\u00f6n\u00fclmesi gerekti\u011fini belirten K\u0131dr\u0131\u015fl\u0131o\u011flu, k\u0131rktan fazla \u00f6rg\u00fctle birlikte m\u00fccadele y\u00fcr\u00fctt\u00fcklerini ve baz\u0131 kesimlerin toplumu b\u00f6lmeye \u00e7al\u0131\u015ft\u0131\u011f\u0131n\u0131 s\u00f6yledi. KKTC\u2019nin k\u00fclt\u00fcrel yap\u0131s\u0131na uygun olmayan uygulamalara kar\u015f\u0131 m\u00fccadele edeceklerini belirterek, anayasa ve yasalar \u00e7er\u00e7evesinde hareket etmeye devam edeceklerini vurgulad\u0131.&nbsp;<\/p>\n\n\n\n<p>\u201cSORUN HERKES\u0130N SORUNU, GER\u0130 ADIM ATMAYACA\u011eIZ\u201d<\/p>\n\n\n\n<p>T\u00fcrkiye Cumhuriyeti\u2019nin garant\u00f6rl\u00fc\u011f\u00fcn\u00fcn KKTC i\u00e7in hayati \u00f6neme sahip oldu\u011funun alt\u0131n\u0131 \u00e7izen K\u0131dr\u0131\u015fl\u0131o\u011flu, baz\u0131 gruplar\u0131n T\u00fcrkiye\u2019yi hedef alan s\u00f6ylemlerini kabul etmediklerini ancak bu t\u00fcr sloganlar nedeniyle ortak m\u00fccadeleden vazge\u00e7meyeceklerini belirtti. Sorunun herkesin sorunu oldu\u011funu ifade eden K\u0131dr\u0131\u015fl\u0131o\u011flu, s\u00fcrecin birlik i\u00e7inde devam edece\u011fini ve birlikte m\u00fccadeleden geri ad\u0131m at\u0131lmayaca\u011f\u0131n\u0131 s\u00f6yledi.&nbsp;<\/p>\n\n\n\n<p>\u201cT\u00dcRK\u0130YE CUMHUR\u0130YET\u0130\u2019N\u0130N GARANT\u00d6RL\u00dc\u011e\u00dc\u2019N\u00dc TARTI\u015eMA KONUSU YAPMAYALIM\u201d<\/p>\n\n\n\n<p>K\u0131dr\u0131\u015fl\u0131o\u011flu s\u00f6zlerini \u201cAncak KKTC\u2019nin yaln\u0131zla\u015ft\u0131r\u0131ld\u0131\u011f\u0131, kand\u0131r\u0131ld\u0131\u011f\u0131, arkas\u0131ndan han\u00e7erlendi\u011fi bu d\u00f6nemde \u00e7evremizde ya\u015fanan sava\u015flar\u0131 da de\u011ferlendirdi\u011fimizde T\u00fcrkiye Cumhuriyeti\u2019nin garant\u00f6rl\u00fc\u011f\u00fcn\u00fcn \u00f6neminin daha da fark\u0131na varmaktay\u0131z. Dolay\u0131s\u0131yla birlikte ad\u0131m att\u0131\u011f\u0131m\u0131z eylemlerde \u201cT\u00fcrkiye, Ankara elini yakam\u0131zdan \u00e7ek veya i\u015fgal\u201d kelimelerini de asla kabul etmiyoruz. H\u00fck\u00fcmetleri ele\u015ftirelim, ideolojik yakla\u015f\u0131mlar\u0131, dayatmalar\u0131 ele\u015ftirelim, hi\u00e7birini kabul etmeyelim ama T\u00fcrkiye Cumhuriyeti\u2019nin garant\u00f6rl\u00fc\u011f\u00fc de tart\u0131\u015fma konusu dahi yapmayal\u0131m. Bu bizim k\u0131rm\u0131z\u0131 \u00e7izgimizdir. K\u00fc\u00e7\u00fck baz\u0131 gruplar\u0131n veya ki\u015filerin bu sloganlar\u0131n\u0131 desteklemedi\u011fimizi bu sloganlar\u0131n bizi temsil etmedi\u011fini ancak bu sloganlar nedeniyle de alanlar\u0131 terketmeyece\u011fimizi belirtiriz. Sorun hepimizin sorunudur ve bu s\u00fcre\u00e7te birlikte m\u00fccadelemiz bozulmayacakt\u0131r ve hep beraber m\u00fccadelemiz devam edecektir\u201d diyerek bitirdi.<\/p>\n","protected":false},"excerpt":{"rendered":"<p>KIDRI\u015eLIO\u011eLU \u201cB\u00d6L\u00dcNMEYECE\u011e\u0130Z, EYLEMLERDE BERABER G\u00dc\u00c7 B\u0130RL\u0130\u011e\u0130 YAPACA\u011eIZ\u201d \u201cSUN\u0130 MESELELERLE ESAS SORUNLAR G\u00d6ZDEN KA\u00c7IRILIYOR\u201d \u201cKKTC MECL\u0130S\u0130 TOPLANARAK BU KARARI KINAYACAK B\u0130R DEKLARASYON YAYINLAMALI\u201d \u201cM\u00dcCADELEM\u0130Z\u0130 ANAYASA VE YASALAR \u00c7ER\u00c7EVES\u0130NDE S\u00dcRD\u00dcR\u00dcYORUZ\u201d \u201cSORUN HERKES\u0130N SORUNU, GER\u0130 ADIM ATMAYACA\u011eIZ\u201d \u201cT\u00dcRK\u0130YE CUMHUR\u0130YET\u0130\u2019N\u0130N GARANT\u00d6RL\u00dc\u011e\u00dc\u2019N\u00dc TARTI\u015eMA KONUSU YAPMAYALIM\u201d KAMUSEN Genel Sekreteri \u00d6zg\u00fcr K\u0131dr\u0131\u015fl\u0131o\u011flu,&nbsp; K\u0131br\u0131s k\u00fclt\u00fcr\u00fcne ayk\u0131r\u0131 uygulamalara kar\u015f\u0131, 50\u2019ye yak\u0131n \u00f6rg\u00fctle birlikte m\u00fccadele [&hellip;]<\/p>\n","protected":false},"author":5,"featured_media":1343,"comment_status":"open","ping_status":"open","sticky":false,"template":"","format":"standard","meta":{"tdm_status":"","tdm_grid_status":"","footnotes":""},"categories":[1],"tags":[],"acf":[],"aioseo_notices":[],"_links":{"self":[{"href":"https:\/\/www.kktckamusen.org\/index.php\/wp-json\/wp\/v2\/posts\/1342"}],"collection":[{"href":"https:\/\/www.kktckamusen.org\/index.php\/wp-json\/wp\/v2\/posts"}],"about":[{"href":"https:\/\/www.kktckamusen.org\/index.php\/wp-json\/wp\/v2\/types\/post"}],"author":[{"embeddable":true,"href":"https:\/\/www.kktckamusen.org\/index.php\/wp-json\/wp\/v2\/users\/5"}],"replies":[{"embeddable":true,"href":"https:\/\/www.kktckamusen.org\/index.php\/wp-json\/wp\/v2\/comments?post=1342"}],"version-history":[{"count":1,"href":"https:\/\/www.kktckamusen.org\/index.php\/wp-json\/wp\/v2\/posts\/1342\/revisions"}],"predecessor-version":[{"id":1344,"href":"https:\/\/www.kktckamusen.org\/index.php\/wp-json\/wp\/v2\/posts\/1342\/revisions\/1344"}],"wp:featuredmedia":[{"embeddable":true,"href":"https:\/\/www.kktckamusen.org\/index.php\/wp-json\/wp\/v2\/media\/1343"}],"wp:attachment":[{"href":"https:\/\/www.kktckamusen.org\/index.php\/wp-json\/wp\/v2\/media?parent=1342"}],"wp:term":[{"taxonomy":"category","embeddable":true,"href":"https:\/\/www.kktckamusen.org\/index.php\/wp-json\/wp\/v2\/categories?post=1342"},{"taxonomy":"post_tag","embeddable":true,"href":"https:\/\/www.kktckamusen.org\/index.php\/wp-json\/wp\/v2\/tags?post=1342"}],"curies":[{"name":"wp","href":"https:\/\/api.w.org\/{rel}","templated":true}]}}