{"id":1334,"date":"2025-04-09T12:00:20","date_gmt":"2025-04-09T12:00:20","guid":{"rendered":"https:\/\/www.kktckamusen.org\/?p=1334"},"modified":"2025-04-09T12:00:28","modified_gmt":"2025-04-09T12:00:28","slug":"gazimagusa-devlet-hastanesine-bagli-poliklinik-ile-laboratuvarlarda-yarin-greve-gidiyoruz","status":"publish","type":"post","link":"https:\/\/www.kktckamusen.org\/index.php\/2025\/04\/09\/gazimagusa-devlet-hastanesine-bagli-poliklinik-ile-laboratuvarlarda-yarin-greve-gidiyoruz\/","title":{"rendered":"GAZ\u0130MA\u011eUSA DEVLET HASTANES\u0130\u2019NE BA\u011eLI POL\u0130KL\u0130N\u0130K \u0130LE LABORATUVARLARDA YARIN GREVE G\u0130D\u0130YORUZ!\u00a0"},"content":{"rendered":"\n<p>GAZ\u0130MA\u011eUSA DEVLET HASTANES\u0130\u2019NE BA\u011eLI POL\u0130KL\u0130N\u0130K \u0130LE LABORATUVARLARDA YARIN GREVE G\u0130D\u0130YORUZ!&nbsp;<\/p>\n\n\n\n<p>K\u0131br\u0131s T\u00fcrk Kamu G\u00f6revlileri Sendikas\u0131 (KAMUSEN) olarak, Gazima\u011fusa Devlet Hastanesi\u2019nde ya\u015fanan personel eksikli\u011finin ciddi bir sorun haline geldi\u011fini \u00fcz\u00fclerek bildiriyoruz. Personel yetersizli\u011fi nedeniyle emekli olan \u00e7al\u0131\u015fanlar\u0131n da ard\u0131ndan hizmetler durma noktas\u0131na gelmi\u015f, bu durum \u00e7al\u0131\u015fma bar\u0131\u015f\u0131n\u0131 bozmu\u015ftur.&nbsp;<\/p>\n\n\n\n<p>Sendikam\u0131z ve orada \u00f6rg\u00fctl\u00fc di\u011fer sendika Kamu-\u0130\u015f, Sa\u011fl\u0131k Bakanl\u0131\u011f\u0131 ile defalarca iyi niyet \u00e7er\u00e7evesinde g\u00f6r\u00fc\u015fmeler ger\u00e7ekle\u015ftirmi\u015ftir. Ancak, ne yaz\u0131k ki verilen s\u00f6zler yerine getirilmemi\u015ftir. Gazima\u011fusa Devlet Hastanesi\u2019nde \u00e7al\u0131\u015fan personelimizin insanca \u00e7al\u0131\u015fma ko\u015fullar\u0131na kavu\u015fmas\u0131 ve halk\u0131m\u0131z\u0131n sa\u011fl\u0131k hizmetlerinden kesintisiz \u015fekilde faydalanabilmesi i\u00e7in derhal ad\u0131mlar at\u0131lmal\u0131d\u0131r.&nbsp;<\/p>\n\n\n\n<p>Gerek KAMUSEN gerekse Kamu-\u0130\u015f, bu kritik sorunun \u00e7\u00f6z\u00fclmemesi halinde grev ve eylem hakk\u0131n\u0131 kullanaca\u011f\u0131n\u0131 daha \u00f6nce defalarca kamuoyuna duyurmu\u015f, g\u00f6r\u00fc\u015fmeler sonucu 28 \u015eubat tarihli grevi ask\u0131ya alm\u0131\u015ft\u0131. Ancak yakla\u015f\u0131k 1.5 ay ge\u00e7mesine ra\u011fmen Gazima\u011fusa Devlet Hastanesi\u2019ne personel g\u00f6nderilmemi\u015ftir.<\/p>\n\n\n\n<p>Bug\u00fcn mesai bitimine kadar daha \u00f6nce mutabakata var\u0131lan hem\u015fire ve laborant konusunda ad\u0131m at\u0131lmaz ise yar\u0131n (10 Nisan 2025) Gazima\u011fusa Devlet Hastanesi\u2019ne ba\u011fl\u0131 poliklinik ile laboratuvarlarda Kamu-\u0130\u015f ile beraber tam g\u00fcn greve gidece\u011fimizi duyururuz.<\/p>\n","protected":false},"excerpt":{"rendered":"<p>GAZ\u0130MA\u011eUSA DEVLET HASTANES\u0130\u2019NE BA\u011eLI POL\u0130KL\u0130N\u0130K \u0130LE LABORATUVARLARDA YARIN GREVE G\u0130D\u0130YORUZ!&nbsp; K\u0131br\u0131s T\u00fcrk Kamu G\u00f6revlileri Sendikas\u0131 (KAMUSEN) olarak, Gazima\u011fusa Devlet Hastanesi\u2019nde ya\u015fanan personel eksikli\u011finin ciddi bir sorun haline geldi\u011fini \u00fcz\u00fclerek bildiriyoruz. Personel yetersizli\u011fi nedeniyle emekli olan \u00e7al\u0131\u015fanlar\u0131n da ard\u0131ndan hizmetler durma noktas\u0131na gelmi\u015f, bu durum \u00e7al\u0131\u015fma bar\u0131\u015f\u0131n\u0131 bozmu\u015ftur.&nbsp; Sendikam\u0131z ve orada \u00f6rg\u00fctl\u00fc di\u011fer sendika Kamu-\u0130\u015f, Sa\u011fl\u0131k [&hellip;]<\/p>\n","protected":false},"author":5,"featured_media":1199,"comment_status":"open","ping_status":"open","sticky":false,"template":"","format":"standard","meta":{"tdm_status":"","tdm_grid_status":"","footnotes":""},"categories":[1],"tags":[],"acf":[],"aioseo_notices":[],"_links":{"self":[{"href":"https:\/\/www.kktckamusen.org\/index.php\/wp-json\/wp\/v2\/posts\/1334"}],"collection":[{"href":"https:\/\/www.kktckamusen.org\/index.php\/wp-json\/wp\/v2\/posts"}],"about":[{"href":"https:\/\/www.kktckamusen.org\/index.php\/wp-json\/wp\/v2\/types\/post"}],"author":[{"embeddable":true,"href":"https:\/\/www.kktckamusen.org\/index.php\/wp-json\/wp\/v2\/users\/5"}],"replies":[{"embeddable":true,"href":"https:\/\/www.kktckamusen.org\/index.php\/wp-json\/wp\/v2\/comments?post=1334"}],"version-history":[{"count":1,"href":"https:\/\/www.kktckamusen.org\/index.php\/wp-json\/wp\/v2\/posts\/1334\/revisions"}],"predecessor-version":[{"id":1335,"href":"https:\/\/www.kktckamusen.org\/index.php\/wp-json\/wp\/v2\/posts\/1334\/revisions\/1335"}],"wp:featuredmedia":[{"embeddable":true,"href":"https:\/\/www.kktckamusen.org\/index.php\/wp-json\/wp\/v2\/media\/1199"}],"wp:attachment":[{"href":"https:\/\/www.kktckamusen.org\/index.php\/wp-json\/wp\/v2\/media?parent=1334"}],"wp:term":[{"taxonomy":"category","embeddable":true,"href":"https:\/\/www.kktckamusen.org\/index.php\/wp-json\/wp\/v2\/categories?post=1334"},{"taxonomy":"post_tag","embeddable":true,"href":"https:\/\/www.kktckamusen.org\/index.php\/wp-json\/wp\/v2\/tags?post=1334"}],"curies":[{"name":"wp","href":"https:\/\/api.w.org\/{rel}","templated":true}]}}