{"id":1330,"date":"2025-04-07T08:55:10","date_gmt":"2025-04-07T08:55:10","guid":{"rendered":"https:\/\/www.kktckamusen.org\/?p=1330"},"modified":"2025-04-07T08:55:13","modified_gmt":"2025-04-07T08:55:13","slug":"arikli-turkiyeli-kibrisli-kavgasi-cikarmaya-calisiyor","status":"publish","type":"post","link":"https:\/\/www.kktckamusen.org\/index.php\/2025\/04\/07\/arikli-turkiyeli-kibrisli-kavgasi-cikarmaya-calisiyor\/","title":{"rendered":"\u201cARIKLI T\u00dcRK\u0130YEL\u0130- KIBRISLI KAVGASI \u00c7IKARMAYA \u00c7ALI\u015eIYOR\u201d"},"content":{"rendered":"\n<p>\u201cARIKLI T\u00dcRK\u0130YEL\u0130- KIBRISLI KAVGASI \u00c7IKARMAYA \u00c7ALI\u015eIYOR\u201d<\/p>\n\n\n\n<p>\u201cHADD\u0130N\u0130Z\u0130 B\u0130L\u0130N\u201d<\/p>\n\n\n\n<p>\u201cK\u00dc\u00c7\u00dcK B\u0130R SORUNU B\u0130LE B\u00dcY\u00dcTEN H\u00dcK\u00dcMET B\u0130R DE HALKTAN DESTEK UMUYOR\u201d<\/p>\n\n\n\n<p>\u201cAMA\u00c7LARI KIBRIS T\u00dcRK\u00dc\u2019N\u00dc YOK ETMEK M\u0130? K\u0130MSE T\u00dcRK\u0130YEYLE B\u0130Z\u0130M ARAMIZI A\u00c7AMAZ\u201d<\/p>\n\n\n\n<p>\u201cKKTC VATANDA\u015eLARININ CAS\u0130NOYA G\u0130RMES\u0130 \u0130\u015e\u0130 KAZAN &#8211; KAZAN MANTI\u011eI\u201d<\/p>\n\n\n\n<p>\u201cPOSTA DA\u0130RES\u0130\u2019NDE GREV VE EYLEM HAKKIMIZI KULLANIYORUZ\u201d<\/p>\n\n\n\n<p>\u201c\u0130LG\u0130L\u0130 BAKAN ERCAN\u2019DA CEB\u0130N\u0130 DOLDURMAKLA U\u011eRA\u015eIYOR\u201d<\/p>\n\n\n\n<p>\u201cMAYIS AYINDA HAYAT PAHALILI\u011eI \u00d6DENMEYECEK\u201d<\/p>\n\n\n\n<p>\u201cV\u00dcCUT VAR BA\u015e YOK!\u201d<\/p>\n\n\n\n<p>K\u0131br\u0131s T\u00fcrk Kamu G\u00f6revlileri Sendikas\u0131 (KAMUSEN) Genel Ba\u015fkan\u0131 Metin Atan kat\u0131ld\u0131\u011f\u0131 bir televizyon program\u0131nda a\u00e7\u0131klamalarda bulundu.<\/p>\n\n\n\n<p>\u201cARIKLI T\u00dcRK\u0130YEL\u0130- KIBRISLI KAVGASI \u00c7IKARMAYA \u00c7ALI\u015eIYOR\u201d<\/p>\n\n\n\n<p>Program\u0131n ba\u015f\u0131nda uzun s\u00fcredir \u00fclke g\u00fcndemini me\u015fgul eden t\u00fcrban konusuna de\u011finen KAMUSEN Ba\u015fkan\u0131 Metin Atan \u201c\u00dclke b\u00f6l\u00fcnm\u00fc\u015f durumda.. Kimse bunu yapma hakk\u0131na sahip de\u011fil. Bunun \u00fczerinden nemalanan baz\u0131 siyasiler var, bunu kendileri i\u00e7in yap\u0131yorlar. \u00dclkeyi T\u00fcrkiyeli- K\u0131br\u0131sl\u0131 diye ay\u0131rmaya \u00e7al\u0131\u015f\u0131yorlar. Anayasam\u0131z\u0131n 59. Maddesinde laiklikle ilgili madde vard\u0131r. Buradan Ba\u015fbakan\u2019a sesleniyorum; bu kadar m\u0131 zor bunu T\u00fcrkiye Cumhuriyeti\u2019ne diretmeniz? \u0130ktidar partisinin vekillerinin bile bir \u00e7o\u011fu buna kar\u015f\u0131. Bu mu bizim g\u00fcndemimiz? Ekonomik, siyasi s\u0131k\u0131nt\u0131lar varken, \u00fclke darmada\u011f\u0131nken g\u00fcndemimiz bu mu? Bir taraftan bak\u0131yoruz arsalar da\u011f\u0131t\u0131l\u0131yor, krediler veriliyor. KAMUSEN olarak biz \u00fclkenin b\u00f6l\u00fcnmesine m\u00fcsaade etmeyece\u011fiz. Bunun ba\u015f\u0131n\u0131 \u00e7eken say\u0131n Ar\u0131kl\u0131\u2019d\u0131r. Sizin haddinize mi? Bu E\u011fitim Bakanl\u0131\u011f\u0131\u2019na ba\u011fl\u0131 bir konu. Siz kendi dairenizdeki s\u0131k\u0131nt\u0131lara bak\u0131n. Posta Dairesi, Karayollar\u0131 d\u00f6k\u00fcl\u00fcyor. Bunlarla ilgilenmek varken ba\u015fka konularla ilgileniyorsunuz. K\u0131br\u0131sl\u0131 ve T\u00fcrkiyeli diye ay\u0131r\u0131m yap\u0131yor\u201d \u015feklinde konu\u015ftu..<\/p>\n\n\n\n<p>\u201cHADD\u0130N\u0130Z\u0130 B\u0130L\u0130N\u201d<\/p>\n\n\n\n<p>Son d\u00f6nemde \u00fclkede b\u00f6l\u00fcc\u00fcl\u00fc\u011fe y\u00f6nelik bir \u00e7ok hareket yap\u0131ld\u0131\u011f\u0131n\u0131 belirten Atan \u201cBuras\u0131 \u00f6zg\u00fcrl\u00fcklerin oldu\u011fu bir \u00fclke. Bir taraftan bir imam \u00e7\u0131k\u0131yor bunlar\u0131n namaz\u0131n\u0131 k\u0131lmayaca\u011f\u0131m, \u00f6b\u00fcr taraftan birisi \u00e7\u0131k\u0131yor sizi buradan g\u00f6nderece\u011fiz diyor. Siz kimsiniz? Bu s\u00f6ylemlerinizi T\u00fcrkiye\u2019de yapabilir misiniz? \u0130ki dakkada sizin kellenizi al\u0131rlar. Haddinizi bilin\u201d dedi.<\/p>\n\n\n\n<p>\u201cK\u00dc\u00c7\u00dcK B\u0130R SORUNU B\u0130LE B\u00dcY\u00dcTEN H\u00dcK\u00dcMET B\u0130R DE HALKTAN DESTEK UMUYOR\u201d<\/p>\n\n\n\n<p>Ba\u015f\u00f6rt\u00fcs\u00fc konusunda h\u00fck\u00fcmetin s\u0131n\u0131fta kald\u0131\u011f\u0131n\u0131 belirten Atan \u201cBu konuda Ba\u015fbakan\u0131n a\u00e7\u0131klamas\u0131 gerekirken say\u0131n Ar\u0131kl\u0131 T\u00fcrkiyeli K\u0131br\u0131sl\u0131 ayr\u0131m\u0131 \u00fczerinden yorum yap\u0131yor. Adam\u0131n yap\u0131s\u0131 bu. Bu siyaset bitmi\u015ftir, \u00e7\u00fcr\u00fcm\u00fc\u015ft\u00fcr. Bundan sonra bu h\u00fck\u00fcmet ne bekliyor? Bu k\u00fc\u00e7\u00fck bir sorunu bile b\u00fcy\u00fcterek \u00e7\u00f6zemedikten sonra bu halktan bir de destek mi umuyorlar? Ne gere\u011fi vard\u0131 t\u00fcz\u00fc\u011f\u00fc bu \u015fekilde de\u011fi\u015ftirmeye? Okullarda bir k\u0131l\u0131k k\u0131yafet disiplini var. Herkes buna uymak zorunda. E\u011fer baz\u0131 \u015feylere m\u00fcsaade edersen disiplin kalmaz. Ama burada as\u0131l ama\u00e7 Cumhurba\u015fkanl\u0131\u011f\u0131 se\u00e7imi \u00f6ncesi T\u00fcrkiyeli- K\u0131br\u0131sl\u0131 kavgas\u0131 \u00e7\u0131kararak baz\u0131lar\u0131 oy oran\u0131n\u0131 y\u00fckseltmek istiyor\u201d \u015feklinde konu\u015ftu.<\/p>\n\n\n\n<p>\u201cAMA\u00c7LARI KIBRIS T\u00dcRK\u00dc\u2019N\u00dc YOK ETMEK M\u0130? K\u0130MSE T\u00dcRK\u0130YEYLE B\u0130Z\u0130M ARAMIZI A\u00c7AMAZ\u201d<\/p>\n\n\n\n<p>K\u0131br\u0131sl\u0131\u2019n\u0131n zorlamaya kar\u015f\u0131 tepkisinin b\u00fcy\u00fck olaca\u011f\u0131n\u0131 belirten Atan \u201cG\u00fczelim \u00fclkemizi cehenneme \u00e7evirdiler. Yap\u0131lanlarla uygulamalar insan\u0131m\u0131z\u0131 daha farkl\u0131 bir \u015fekle soktu. Bizim halk\u0131m\u0131z zorlamaya, mobbinge sessiz kalmaz. Bakanlar Kurulu karar\u0131 yap\u0131lacak olan eylemden sonra verecekmi\u015f. Neden bunu eylemden sonraya b\u0131rak\u0131yorsunuz? Ama\u00e7lar\u0131 K\u0131br\u0131s T\u00fcrk\u00fcn\u00fc yok etmek mi? Kimse buna cesaret edemez bu \u00fclkede. Bizim T\u00fcrkiye ile aram\u0131z\u0131 kimse a\u00e7amaz\u201d<\/p>\n\n\n\n<p>\u201cKKTC VATANDA\u015eLARININ CAS\u0130NOYA G\u0130RMES\u0130 \u0130\u015e\u0130 KAZAN &#8211; KAZAN MANTI\u011eI\u201d<\/p>\n\n\n\n<p>\u00dclkenin ekonomik ve y\u00f6netim a\u00e7\u0131s\u0131ndan \u00e7ok k\u00f6t\u00fc y\u00f6netildi\u011fini belirten Atan \u201cSiz kendi i\u00e7inizde sorunu \u00e7\u00f6zemiyorken vatanda\u015fa nas\u0131l hizmet edeceksiniz? Sizin g\u00f6reviniz halka hizmet ama siz bunu yapmak yerine kendi cebinize oynuyorsunuz. O koltuktan kalkmamak i\u00e7in yar\u0131\u015f\u0131yorsunuz. b.u halk\u0131 rahat ettirmeyecekler. Kaos yaratmakta \u00fcstlerine yok. B\u00fct\u00fcn sorunlar bitmi\u015f gibi \u015fimdi bir de KKTC vatanda\u015flar\u0131n\u0131n kumarhaneye girmesi i\u00e7in yasa ge\u00e7iriyorlar. Sebebi ne? Casinolara uygulanan vergiler art\u0131r\u0131l\u0131yor, casino sahipleri de o zaman bana bunu a\u00e7 dedi. Kazan kazan yap\u0131yorlar yani\u201d dedi.<\/p>\n\n\n\n<p>\u201cPOSTA DA\u0130RES\u0130\u2019NDE GREV VE EYLEM HAKKIMIZI KULLANIYORUZ\u201d<\/p>\n\n\n\n<p>Programda Posta Dairesi\u2019nde ya\u015fanan s\u0131k\u0131nt\u0131lardan dolay\u0131 grev ve eylem hakk\u0131n\u0131 kullanacaklar\u0131n\u0131 belirten Metin Atan \u201cMaliye Bakanl\u0131\u011f\u0131\u2019na en fazla gelir sa\u011flayan devlet kurumunu bitirdiler. Bu konuda ba\u015fbakanla g\u00f6r\u00fc\u015ft\u00fck, gerekli s\u00f6zleri ald\u0131k. Ba\u015fbakan\u2019\u0131n talimat\u0131na ra\u011fmen m\u00fcste\u015farlar gerekli ad\u0131mlar\u0131 atm\u0131yor. Bu y\u00fczden \u00c7ar\u015famba g\u00fcn\u00fc b\u00fct\u00fcn kazalarda Posta Dairesi\u2019nde eylem yapma karar\u0131 ald\u0131k. Vatanda\u015f\u0131m\u0131z da \u015fikayet\u00e7i art\u0131k. Bu say\u0131n Ar\u0131kl\u0131\u2019n\u0131n kurumudur. Ne yap\u0131yor kendisi bu konuda? Bu konuda a\u00e7\u0131klama yapmak yerine kendisini ilgilendirmeyen konularda s\u00fcrekli a\u00e7\u0131klama yap\u0131yor. O koltu\u011fa g\u00fczel \u015feyler yapmak i\u00e7in oturdunuz, yapam\u0131yorsan\u0131z kalk\u0131n oradan\u201d \u015feklinde konu\u015ftu.<\/p>\n\n\n\n<p>\u201c\u0130LG\u0130L\u0130 BAKAN ERCAN\u2019DA CEB\u0130N\u0130 DOLDURMAKLA U\u011eRA\u015eIYOR\u201d<\/p>\n\n\n\n<p>\u0130lgili bakan\u0131n Ercan\u2019da da cebini doldurdu\u011funu s\u00f6yleyen Atan \u201cErcan Havaliman\u0131\u2019nda itfaiyenin eksikleri tamamlanmad\u0131. Ciddi s\u0131k\u0131nt\u0131lara yol a\u00e7abilir. \u0130tfaiyecilerimizin g\u00fcvenlikle ilgili hi\u00e7bir aleti, cihaz\u0131 yok. Bakan bunlar\u0131 d\u00fczeltmek yerine oran\u0131n sahibi \u015firketle birlikte cebini doldurmak i\u00e7in \u00e7al\u0131\u015fmalar yap\u0131yor, i\u015finin hakk\u0131n\u0131 veriyor\u201d diyerek tepkisini g\u00f6sterdi.<\/p>\n\n\n\n<p>\u201cMAYIS AYINDA HAYAT PAHALILI\u011eI \u00d6DENMEYECEK\u201d<\/p>\n\n\n\n<p>&nbsp;Program\u0131n sonunda asgari \u00fccretle ilgili a\u00e7\u0131klamada bulunan Atan \u201cSay\u0131n Maliye Bakan\u0131\u2019yla g\u00f6r\u00fc\u015ft\u00fcm. \u0130lk defa buradan s\u00f6ylemi\u015f olal\u0131m May\u0131s ay\u0131nda hayat pahal\u0131l\u0131\u011f\u0131n\u0131 \u00f6deyemeyeceklerini s\u00f6yledi. B\u0131rak\u0131n asgari \u00fccreti Hayat Pahal\u0131l\u0131\u011f\u0131n\u0131 bile \u00f6deyemeyecekler. Biz bu konuda aylard\u0131r uyar\u0131yoruz, denetimleri yap\u0131n dedik yapmad\u0131lar. \u015eimdi de sorun ya\u015f\u0131yorlar. Maliye s\u00fcrekli bor\u00e7lan\u0131yor. H\u00fck\u00fcmet olarak bir \u015feyleri iyiye g\u00f6t\u00fcrmeleri gerekirken daha da k\u00f6t\u00fc oluyor her\u015fey b\u00fcy\u00fck kaos ya\u015fanacak\u201d dedi.<\/p>\n\n\n\n<p>\u201cV\u00dcCUT VAR BA\u015e YOK!\u201d<\/p>\n\n\n\n<p>Bundan sonra ne olaca\u011f\u0131na dair de ku\u015fkular\u0131n oldu\u011funu belirten KAMUSEN Genel Ba\u015fkan\u0131 Metin Atan s\u00f6zlerini \u201cBen bir vatanda\u015f olarak bu \u00fclkenin en g\u00fczel \u015fekilde y\u00f6netilmesi taraftar\u0131y\u0131m. V\u00fccut var, ba\u015f yok. Neresinden tutarsak tutal\u0131m torpil, populizm, siyaset var. Siyasetten ar\u0131nm\u0131\u015f bir toplum istiyoruz. Biz siyasetten art\u0131k b\u0131kt\u0131k. Siyaset\u00e7iler i\u015fini yapacak, di\u011fer kesim de toplumuna \u00fclkesine siyaset\u00e7isine sahip \u00e7\u0131karak \u00fclkeyi g\u00fczel bir \u015fekilde y\u00f6netecekler. Aksi takdirde bu sorunlar b\u00fcy\u00fcyecek ve alt\u0131ndan kimse kalkamayacak.\u201d diyerek bitirdi.<\/p>\n","protected":false},"excerpt":{"rendered":"<p>\u201cARIKLI T\u00dcRK\u0130YEL\u0130- KIBRISLI KAVGASI \u00c7IKARMAYA \u00c7ALI\u015eIYOR\u201d \u201cHADD\u0130N\u0130Z\u0130 B\u0130L\u0130N\u201d \u201cK\u00dc\u00c7\u00dcK B\u0130R SORUNU B\u0130LE B\u00dcY\u00dcTEN H\u00dcK\u00dcMET B\u0130R DE HALKTAN DESTEK UMUYOR\u201d \u201cAMA\u00c7LARI KIBRIS T\u00dcRK\u00dc\u2019N\u00dc YOK ETMEK M\u0130? K\u0130MSE T\u00dcRK\u0130YEYLE B\u0130Z\u0130M ARAMIZI A\u00c7AMAZ\u201d \u201cKKTC VATANDA\u015eLARININ CAS\u0130NOYA G\u0130RMES\u0130 \u0130\u015e\u0130 KAZAN &#8211; KAZAN MANTI\u011eI\u201d \u201cPOSTA DA\u0130RES\u0130\u2019NDE GREV VE EYLEM HAKKIMIZI KULLANIYORUZ\u201d \u201c\u0130LG\u0130L\u0130 BAKAN ERCAN\u2019DA CEB\u0130N\u0130 DOLDURMAKLA U\u011eRA\u015eIYOR\u201d \u201cMAYIS AYINDA HAYAT [&hellip;]<\/p>\n","protected":false},"author":5,"featured_media":1328,"comment_status":"open","ping_status":"open","sticky":false,"template":"","format":"standard","meta":{"tdm_status":"","tdm_grid_status":"","footnotes":""},"categories":[1],"tags":[],"acf":[],"aioseo_notices":[],"_links":{"self":[{"href":"https:\/\/www.kktckamusen.org\/index.php\/wp-json\/wp\/v2\/posts\/1330"}],"collection":[{"href":"https:\/\/www.kktckamusen.org\/index.php\/wp-json\/wp\/v2\/posts"}],"about":[{"href":"https:\/\/www.kktckamusen.org\/index.php\/wp-json\/wp\/v2\/types\/post"}],"author":[{"embeddable":true,"href":"https:\/\/www.kktckamusen.org\/index.php\/wp-json\/wp\/v2\/users\/5"}],"replies":[{"embeddable":true,"href":"https:\/\/www.kktckamusen.org\/index.php\/wp-json\/wp\/v2\/comments?post=1330"}],"version-history":[{"count":1,"href":"https:\/\/www.kktckamusen.org\/index.php\/wp-json\/wp\/v2\/posts\/1330\/revisions"}],"predecessor-version":[{"id":1331,"href":"https:\/\/www.kktckamusen.org\/index.php\/wp-json\/wp\/v2\/posts\/1330\/revisions\/1331"}],"wp:featuredmedia":[{"embeddable":true,"href":"https:\/\/www.kktckamusen.org\/index.php\/wp-json\/wp\/v2\/media\/1328"}],"wp:attachment":[{"href":"https:\/\/www.kktckamusen.org\/index.php\/wp-json\/wp\/v2\/media?parent=1330"}],"wp:term":[{"taxonomy":"category","embeddable":true,"href":"https:\/\/www.kktckamusen.org\/index.php\/wp-json\/wp\/v2\/categories?post=1330"},{"taxonomy":"post_tag","embeddable":true,"href":"https:\/\/www.kktckamusen.org\/index.php\/wp-json\/wp\/v2\/tags?post=1330"}],"curies":[{"name":"wp","href":"https:\/\/api.w.org\/{rel}","templated":true}]}}