{"id":1327,"date":"2025-04-02T08:44:33","date_gmt":"2025-04-02T08:44:33","guid":{"rendered":"https:\/\/www.kktckamusen.org\/?p=1327"},"modified":"2025-04-02T08:44:38","modified_gmt":"2025-04-02T08:44:38","slug":"kamuoyuna-duyuru","status":"publish","type":"post","link":"https:\/\/www.kktckamusen.org\/index.php\/2025\/04\/02\/kamuoyuna-duyuru\/","title":{"rendered":"Kamuoyuna Duyuru \u00a0"},"content":{"rendered":"\n<p>Son g\u00fcnlerde Kuzey K\u0131br\u0131s T\u00fcrk Cumhuriyeti\u2019nde ba\u015f\u00f6rt\u00fcs\u00fc \u00fczerinden y\u00fcr\u00fct\u00fclen tart\u0131\u015fmalar, baz\u0131 kesimler taraf\u0131ndan \u00fclkeyi b\u00f6lme ve toplumu kutupla\u015ft\u0131rma amac\u0131yla kullan\u0131lmaktad\u0131r. K\u0131br\u0131s T\u00fcrk Kamu G\u00f6revlileri Sendikas\u0131 olarak, halk\u0131m\u0131z\u0131n birlik ve beraberli\u011fini koruma sorumlulu\u011fumuzun bilinciyle, bu t\u00fcr ayr\u0131\u015ft\u0131r\u0131c\u0131 s\u00f6ylemlerin kar\u015f\u0131s\u0131nda oldu\u011fumuzu a\u00e7\u0131k\u00e7a ifade ederiz. &nbsp;<\/p>\n\n\n\n<p>Kuzey K\u0131br\u0131s T\u00fcrk Cumhuriyeti, Atat\u00fcrk ilke ve ink\u0131laplar\u0131ndan vazge\u00e7meyen, laik bir hukuk devletidir. Kimsenin, farkl\u0131 g\u00f6r\u00fc\u015fleri bahane ederek K\u0131br\u0131s T\u00fcrk halk\u0131 aras\u0131nda ayr\u0131mc\u0131l\u0131k yaratmaya hakk\u0131 yoktur. \u00dclkemiz, \u00f6zg\u00fcrl\u00fckler \u00e7er\u00e7evesinde herkesin haklar\u0131n\u0131 koruyan ve toplumsal huzurun temelini olu\u015fturan bir yap\u0131ya sahiptir. &nbsp;<\/p>\n\n\n\n<p>Baz\u0131 kesimlerin, sendikalar\u0131m\u0131z\u0131 ve demokratik kurulu\u015flar\u0131m\u0131z\u0131 hedef alarak ayr\u0131\u015ft\u0131r\u0131c\u0131 s\u00f6ylemler \u00fcretmeye \u00e7al\u0131\u015fmas\u0131 kabul edilemez. K\u0131br\u0131s T\u00fcrk toplumunun birli\u011fi ve ortak de\u011ferleri, ki\u015fisel veya siyasi \u00e7\u0131karlar u\u011fruna manip\u00fcle edilemez. Bizler, \u00fclkemizin demokratik, \u00e7a\u011fda\u015f ve ilerici yap\u0131s\u0131n\u0131 korumak i\u00e7in var\u0131z ve var olmaya devam edece\u011fiz.<\/p>\n\n\n\n<p>Kuzey K\u0131br\u0131s T\u00fcrk Cumhuriyeti, hi\u00e7bir zaman ayr\u0131mc\u0131 veya b\u00f6l\u00fcc\u00fc yakla\u015f\u0131mlara teslim olmam\u0131\u015ft\u0131r ve olmayacakt\u0131r. K\u0131br\u0131sl\u0131-T\u00fcrkiyeli ayr\u0131m\u0131 yaparak toplumu kutupla\u015ft\u0131rmaya \u00e7al\u0131\u015fanlar haddini a\u015fmaktad\u0131r. Halk\u0131m\u0131z\u0131n birli\u011fini ve huzurunu koruma y\u00f6n\u00fcndeki kararl\u0131l\u0131\u011f\u0131m\u0131zdan asla taviz vermeyece\u011fimizi bir kez daha vurguluyoruz. &nbsp;<\/p>\n\n\n\n<p>Toplumun birli\u011fi ve huzuru her t\u00fcrl\u00fc siyasi veya ideolojik \u00e7\u0131kar\u0131n \u00fczerinde yer almaktad\u0131r.&nbsp;Dolay\u0131s\u0131yla bizler, K\u0131br\u0131s T\u00fcrk Kamu G\u00f6revlileri Sendikas\u0131 olarak, laiklik ve demokratik de\u011ferler \u00e7er\u00e7evesinde t\u00fcm halk\u0131m\u0131z\u0131n e\u015fit ve \u00f6zg\u00fcr oldu\u011fu, T\u00fcrkiyeli karde\u015flerimizle huzur i\u00e7inde ya\u015famaya devam edece\u011fimiz bir Kuzey K\u0131br\u0131s&nbsp; T\u00fcrk Cumhuriyeti i\u00e7in m\u00fccadelemize devam edece\u011fiz.<\/p>\n","protected":false},"excerpt":{"rendered":"<p>Son g\u00fcnlerde Kuzey K\u0131br\u0131s T\u00fcrk Cumhuriyeti\u2019nde ba\u015f\u00f6rt\u00fcs\u00fc \u00fczerinden y\u00fcr\u00fct\u00fclen tart\u0131\u015fmalar, baz\u0131 kesimler taraf\u0131ndan \u00fclkeyi b\u00f6lme ve toplumu kutupla\u015ft\u0131rma amac\u0131yla kullan\u0131lmaktad\u0131r. K\u0131br\u0131s T\u00fcrk Kamu G\u00f6revlileri Sendikas\u0131 olarak, halk\u0131m\u0131z\u0131n birlik ve beraberli\u011fini koruma sorumlulu\u011fumuzun bilinciyle, bu t\u00fcr ayr\u0131\u015ft\u0131r\u0131c\u0131 s\u00f6ylemlerin kar\u015f\u0131s\u0131nda oldu\u011fumuzu a\u00e7\u0131k\u00e7a ifade ederiz. &nbsp; Kuzey K\u0131br\u0131s T\u00fcrk Cumhuriyeti, Atat\u00fcrk ilke ve ink\u0131laplar\u0131ndan vazge\u00e7meyen, laik bir hukuk [&hellip;]<\/p>\n","protected":false},"author":5,"featured_media":1328,"comment_status":"open","ping_status":"open","sticky":false,"template":"","format":"standard","meta":{"tdm_status":"","tdm_grid_status":"","footnotes":""},"categories":[1],"tags":[],"acf":[],"aioseo_notices":[],"_links":{"self":[{"href":"https:\/\/www.kktckamusen.org\/index.php\/wp-json\/wp\/v2\/posts\/1327"}],"collection":[{"href":"https:\/\/www.kktckamusen.org\/index.php\/wp-json\/wp\/v2\/posts"}],"about":[{"href":"https:\/\/www.kktckamusen.org\/index.php\/wp-json\/wp\/v2\/types\/post"}],"author":[{"embeddable":true,"href":"https:\/\/www.kktckamusen.org\/index.php\/wp-json\/wp\/v2\/users\/5"}],"replies":[{"embeddable":true,"href":"https:\/\/www.kktckamusen.org\/index.php\/wp-json\/wp\/v2\/comments?post=1327"}],"version-history":[{"count":1,"href":"https:\/\/www.kktckamusen.org\/index.php\/wp-json\/wp\/v2\/posts\/1327\/revisions"}],"predecessor-version":[{"id":1329,"href":"https:\/\/www.kktckamusen.org\/index.php\/wp-json\/wp\/v2\/posts\/1327\/revisions\/1329"}],"wp:featuredmedia":[{"embeddable":true,"href":"https:\/\/www.kktckamusen.org\/index.php\/wp-json\/wp\/v2\/media\/1328"}],"wp:attachment":[{"href":"https:\/\/www.kktckamusen.org\/index.php\/wp-json\/wp\/v2\/media?parent=1327"}],"wp:term":[{"taxonomy":"category","embeddable":true,"href":"https:\/\/www.kktckamusen.org\/index.php\/wp-json\/wp\/v2\/categories?post=1327"},{"taxonomy":"post_tag","embeddable":true,"href":"https:\/\/www.kktckamusen.org\/index.php\/wp-json\/wp\/v2\/tags?post=1327"}],"curies":[{"name":"wp","href":"https:\/\/api.w.org\/{rel}","templated":true}]}}