{"id":1317,"date":"2025-03-26T11:03:01","date_gmt":"2025-03-26T11:03:01","guid":{"rendered":"https:\/\/www.kktckamusen.org\/?p=1317"},"modified":"2025-03-26T11:59:35","modified_gmt":"2025-03-26T11:59:35","slug":"gecici-ve-sozlesmeli-personelin-haklarini-duzenleyen-yasa-bayram-sonrasi-mecliste","status":"publish","type":"post","link":"https:\/\/www.kktckamusen.org\/index.php\/2025\/03\/26\/gecici-ve-sozlesmeli-personelin-haklarini-duzenleyen-yasa-bayram-sonrasi-mecliste\/","title":{"rendered":"Ge\u00e7ici ve S\u00f6zle\u015fmeli Personelin Haklar\u0131n\u0131 D\u00fczenleyen Yasa Bayram Sonras\u0131 Meclis&#8217;te"},"content":{"rendered":"\n<p>BASIN A\u00c7IKLAMASI<\/p>\n\n\n\n<p>Ge\u00e7ici ve S\u00f6zle\u015fmeli Personelin Haklar\u0131n\u0131 D\u00fczenleyen Yasa Bayram Sonras\u0131 Meclis&#8217;te<\/p>\n\n\n\n<p>Ba\u015fbakan \u00dcnal \u00dcstel, KAMUSEN ile bir araya gelerek \u00f6nemli sorunlar\u0131 masaya yat\u0131rd\u0131<\/p>\n\n\n\n<p>Ba\u015fbakan \u00dcnal \u00dcstel, K\u0131br\u0131s T\u00fcrk Kamu G\u00f6revlileri Sendikas\u0131 (KAMUSEN) Genel Ba\u015fkan\u0131 Metin Atan ve Genel Sekreter \u00d6zg\u00fcr K\u0131dr\u0131\u015fl\u0131o\u011flu ile bir araya geldi. G\u00f6r\u00fc\u015fmede, \u00fclkede ya\u015fanan ekonomik ve yap\u0131sal sorunlar\u0131n yan\u0131 s\u0131ra ge\u00e7ici ve s\u00f6zle\u015fmeli personelin haklar\u0131n\u0131 d\u00fczenleyen yasa, Posta Dairesi&#8217;ndeki personel s\u0131k\u0131nt\u0131s\u0131 ele al\u0131nd\u0131.<\/p>\n\n\n\n<p>Ba\u015fbakan \u00dcstel, KAMUSEN Genel Ba\u015fkan\u0131 Atan\u2019\u0131n dile getirdi\u011fi sorunlar \u00fczerine, Cumhuriyet Meclisi komitesinde son a\u015famaya gelen \u201cKamu G\u00f6revinde G\u00f6rev Yapan Ge\u00e7ici Personelin Hak ve Menfaatlerine Ba\u011fl\u0131 Y\u00fck\u00fcml\u00fcl\u00fcklerinin D\u00fczenlenmesini \u00d6ng\u00f6ren Yasa \u00d6nerisi\u201dnin bayram sonras\u0131 Meclis\u2019ten ge\u00e7irilece\u011fi s\u00f6z\u00fcn\u00fc verdi.<\/p>\n\n\n\n<p>KAMUSEN Genel Ba\u015fkan\u0131 Metin Atan, g\u00f6r\u00fc\u015fme sonras\u0131 yapt\u0131\u011f\u0131 a\u00e7\u0131klamada, \u201cSay\u0131n Ba\u015fbakan ile \u00fclkedeki ekonomik ve yap\u0131sal sorunlar\u0131 detayl\u0131ca ele ald\u0131k. Kendisi, ge\u00e7ici ve s\u00f6zle\u015fmeli personelle ilgili yasan\u0131n bayram sonras\u0131 Meclis\u2019e sunulaca\u011f\u0131na dair s\u00f6z verdi. Ayr\u0131ca, Posta Dairesi\u2019ndeki personel s\u0131k\u0131nt\u0131s\u0131n\u0131n \u00e7\u00f6z\u00fcm\u00fc i\u00e7in \u00e7al\u0131\u015fmalar ba\u015flat\u0131ld\u0131.E\u011fitim Bakanl\u0131\u011f\u0131\u2019n\u0131n d\u00fczenlemi\u015f oldu\u011fu \u0130ngilizce Yeterlilik s\u0131navlar\u0131nda B1 d\u00fczeyinde \u0130ngilizce belgesinin de KHK taraf\u0131ndan a\u00e7\u0131lan s\u0131navlarda ge\u00e7erli olabilmesi i\u00e7in s\u0131nav t\u00fcz\u00fc\u011f\u00fcnde d\u00fczenleme yap\u0131lmas\u0131.<\/p>\n","protected":false},"excerpt":{"rendered":"<p>BASIN A\u00c7IKLAMASI Ge\u00e7ici ve S\u00f6zle\u015fmeli Personelin Haklar\u0131n\u0131 D\u00fczenleyen Yasa Bayram Sonras\u0131 Meclis&#8217;te Ba\u015fbakan \u00dcnal \u00dcstel, KAMUSEN ile bir araya gelerek \u00f6nemli sorunlar\u0131 masaya yat\u0131rd\u0131 Ba\u015fbakan \u00dcnal \u00dcstel, K\u0131br\u0131s T\u00fcrk Kamu G\u00f6revlileri Sendikas\u0131 (KAMUSEN) Genel Ba\u015fkan\u0131 Metin Atan ve Genel Sekreter \u00d6zg\u00fcr K\u0131dr\u0131\u015fl\u0131o\u011flu ile bir araya geldi. G\u00f6r\u00fc\u015fmede, \u00fclkede ya\u015fanan ekonomik ve yap\u0131sal sorunlar\u0131n yan\u0131 s\u0131ra [&hellip;]<\/p>\n","protected":false},"author":5,"featured_media":1319,"comment_status":"open","ping_status":"open","sticky":false,"template":"","format":"standard","meta":{"tdm_status":"","tdm_grid_status":"","footnotes":""},"categories":[1],"tags":[],"acf":[],"aioseo_notices":[],"_links":{"self":[{"href":"https:\/\/www.kktckamusen.org\/index.php\/wp-json\/wp\/v2\/posts\/1317"}],"collection":[{"href":"https:\/\/www.kktckamusen.org\/index.php\/wp-json\/wp\/v2\/posts"}],"about":[{"href":"https:\/\/www.kktckamusen.org\/index.php\/wp-json\/wp\/v2\/types\/post"}],"author":[{"embeddable":true,"href":"https:\/\/www.kktckamusen.org\/index.php\/wp-json\/wp\/v2\/users\/5"}],"replies":[{"embeddable":true,"href":"https:\/\/www.kktckamusen.org\/index.php\/wp-json\/wp\/v2\/comments?post=1317"}],"version-history":[{"count":2,"href":"https:\/\/www.kktckamusen.org\/index.php\/wp-json\/wp\/v2\/posts\/1317\/revisions"}],"predecessor-version":[{"id":1322,"href":"https:\/\/www.kktckamusen.org\/index.php\/wp-json\/wp\/v2\/posts\/1317\/revisions\/1322"}],"wp:featuredmedia":[{"embeddable":true,"href":"https:\/\/www.kktckamusen.org\/index.php\/wp-json\/wp\/v2\/media\/1319"}],"wp:attachment":[{"href":"https:\/\/www.kktckamusen.org\/index.php\/wp-json\/wp\/v2\/media?parent=1317"}],"wp:term":[{"taxonomy":"category","embeddable":true,"href":"https:\/\/www.kktckamusen.org\/index.php\/wp-json\/wp\/v2\/categories?post=1317"},{"taxonomy":"post_tag","embeddable":true,"href":"https:\/\/www.kktckamusen.org\/index.php\/wp-json\/wp\/v2\/tags?post=1317"}],"curies":[{"name":"wp","href":"https:\/\/api.w.org\/{rel}","templated":true}]}}