{"id":1309,"date":"2025-03-24T13:05:33","date_gmt":"2025-03-24T13:05:33","guid":{"rendered":"https:\/\/www.kktckamusen.org\/?p=1309"},"modified":"2025-03-24T13:06:48","modified_gmt":"2025-03-24T13:06:48","slug":"kidrislioglu-hemsire-istihdam-tezkeresi-bir-defaya-mahsus-meclisten-gecti-egitim-kurumlarimiz-onlemlerini-almali","status":"publish","type":"post","link":"https:\/\/www.kktckamusen.org\/index.php\/2025\/03\/24\/kidrislioglu-hemsire-istihdam-tezkeresi-bir-defaya-mahsus-meclisten-gecti-egitim-kurumlarimiz-onlemlerini-almali\/","title":{"rendered":"KIDRI\u015eLIO\u011eLU \u201cHEM\u015e\u0130RE \u0130ST\u0130HDAM TEZKERES\u0130 B\u0130R DEFAYA MAHSUS MECL\u0130STEN GE\u00c7T\u0130, E\u011e\u0130T\u0130M KURUMLARIMIZ \u00d6NLEMLER\u0130N\u0130 ALMALI\u201d"},"content":{"rendered":"\n<p>KIDRI\u015eLIO\u011eLU \u201cHEM\u015e\u0130RE \u0130ST\u0130HDAM TEZKERES\u0130 B\u0130R DEFAYA MAHSUS MECL\u0130STEN GE\u00c7T\u0130, E\u011e\u0130T\u0130M KURUMLARIMIZ \u00d6NLEMLER\u0130N\u0130 ALMALI\u201d<\/p>\n\n\n\n<p>Cumhuriyet Meclisi\u2019nde \u0130dari Kamu ve Sa\u011fl\u0131k \u0130\u015fleri Ba\u015fkanl\u0131\u011f\u0131\u2019n\u0131n Yatakl\u0131 Tedavi Kurumlar\u0131 Dairesi De\u011fi\u015fiklik Yasa Tasar\u0131s\u0131 Tezkeresi onaylanarak ge\u00e7ti. Buna g\u00f6re sa\u011fl\u0131k kurumlar\u0131nda istihdam edilecek hem\u015fire aciliyetinden dolay\u0131 adaylarda bir defaya mahsus olarak B1 d\u00fczeyinde \u0130ngilizce belgesi aranmayacak.<\/p>\n\n\n\n<p>Konuyla ilgili olarak a\u00e7\u0131klamalarda bulunan KAMUSEN Genel Sekreteri \u00d6zg\u00fcr K\u0131dr\u0131\u015fl\u0131o\u011flu, \u00fclkemizde bu y\u00f6nde e\u011fitim veren \u00fcniversitelerin \u00f6\u011frencilerine e\u011fitim verirken bu kural\u0131 bilerek hareket etmesi gerekti\u011fini ve m\u00fcfredatlar\u0131n\u0131 en az B1 d\u00fczeyinde Ingilizce yeterlik belgesi verecek \u015fekilde d\u00fczenlemeleri gerekti\u011fini s\u00f6yledi.<\/p>\n\n\n\n<p>K\u0131dr\u0131\u015fl\u0131o\u011flu yapt\u0131\u011f\u0131 a\u00e7\u0131klamada \u201cSa\u011fl\u0131k kurumlar\u0131n\u0131n sa\u011fl\u0131k hizmetleri talebini kar\u015f\u0131layacak say\u0131da hem\u015fire istihdam edilmesine y\u00f6nelik acil ihtiyac\u0131 kar\u015f\u0131lanm\u0131\u015ft\u0131r. Ama ba\u015fvuran adaylar\u0131n \u0130ngilizce yeterlik belgesi olan bulunmamas\u0131 nedeniyle \u00e7\u0131kmaza giren ihtiyac\u0131 Cumhuriyet Meclisi\u2019ndeki komitede yapt\u0131\u011f\u0131m\u0131z isti\u015fareler sonucunda bir defaya mahsus olarak \u0130ngilizce \u015fart\u0131 aranmayacak \u015fekilde ge\u00e7mesini sa\u011flad\u0131k.<\/p>\n\n\n\n<p>\u00dclkemizde yabanc\u0131 n\u00fcfusun art\u0131\u015f\u0131na ve olas\u0131 bir anla\u015fmaya istinaden kamu kurum ve kurulu\u015flar\u0131n\u0131n te\u015fkilat yasalar\u0131n\u0131n bir\u00e7o\u011funa en az B1 d\u00fczeyinde \u0130ngilizce bilmek kural\u0131 eklenmektedir. \u00dcniversitelerimizin bunu bilmesi ve e\u011fitimlerini buna g\u00f6re d\u00fczenlemeleri \u00f6nemlidir\u201d dedi.<\/p>\n\n\n\n<p>Sa\u011fl\u0131k alan\u0131ndaki ba\u015fvurularda bu sorunun ortaya \u00e7\u0131kt\u0131\u011f\u0131n\u0131 belirten K\u0131dr\u0131\u015fl\u0131o\u011flu \u201c\u00d6zellikle sa\u011fl\u0131k alan\u0131nda ya\u015fanan personel say\u0131s\u0131ndaki yetersizlik beraberinde ba\u015fvuruda ya\u015fanan sorunu ortaya \u00e7\u0131karm\u0131\u015ft\u0131r. Girne\u2019ye yap\u0131lan yeni hastanenin bitme a\u015famas\u0131na gelmesi, halihaz\u0131rda hastanelerde ya\u015fanan ciddi say\u0131da hem\u015fire eksikli\u011fi nedeniyle sendikam\u0131z\u0131n talebi \u00fczerine teknik kurul toplanm\u0131\u015f ve Yasa Tasar\u0131s\u0131 haz\u0131rlanm\u0131\u015ft\u0131r. Netice olarak y\u00fcksek say\u0131da hem\u015fire istihdam\u0131n\u0131n yap\u0131labilmesi ve Ingilizce yeterlik belgesi olmad\u0131\u011f\u0131 i\u00e7in ba\u015fvuracak yeterli say\u0131da hem\u015fire bulunamamas\u0131 nedeniyle ilk uygulamada \u0130ngilizce ko\u015fulunun aranmamas\u0131 y\u00f6n\u00fcnde yasada d\u00fczenlemeye gidilmi\u015f ve bug\u00fcn Cumhuriyet Meclisi Genel Kurulu\u2019ndan oy birli\u011fi ile ge\u00e7irilmi\u015ftir.<\/p>\n\n\n\n<p>Kamuda te\u015fkilat yasalar\u0131 g\u00fcncellenirken g\u00fcn\u00fcm\u00fcz ko\u015fullar\u0131na uygun yabanc\u0131 n\u00fcfus art\u0131\u015f\u0131na ba\u011fl\u0131 olarak ve ayr\u0131ca olas\u0131 anla\u015fma da g\u00f6z \u00f6n\u00fcnde bulundurularak tamamen t\u00fcm devlete istihdamlara B1 d\u00fczeyinde \u0130ngilizce bilme ko\u015fulu eklenmektedir. Ancak h\u0131zl\u0131 bir \u015fekilde g\u00fcncellenen yasalar\u0131n oldu\u011fu dairelere bunun alt yap\u0131s\u0131n\u0131n olmamas\u0131 ve \u0130ngilizce belgelerinin bulunmay\u0131\u015f\u0131 nedeniyle yeterli ba\u015fvuru yap\u0131lamamaktad\u0131r. Bu da istihdam sorununu yaratmaktad\u0131r.<\/p>\n\n\n\n<p>Halk\u0131m\u0131z\u0131n ve \u00fcniversitelerimizin bu \u0130ngilizce kural\u0131n\u0131 bilmesi \u00f6zellikle bundan sonraki s\u00fcre\u00e7ler i\u00e7in bir \u00e7ok meslek grubuna g\u00f6re \u00f6nceden \u0130ngilizce e\u011fitimlerini de m\u00fcfredatlar\u0131na almalar\u0131, varsa bile KHK\u2019n\u0131n kriterlerine g\u00f6re bu belgeyi alabilecek d\u00fczeyde e\u011fitimlerini g\u00fcncellemeleri \u00f6nemlidir\u201d diyerek e\u011fitim kurumlar\u0131na ve personele uyar\u0131larda bulundu.<\/p>\n","protected":false},"excerpt":{"rendered":"<p>KIDRI\u015eLIO\u011eLU \u201cHEM\u015e\u0130RE \u0130ST\u0130HDAM TEZKERES\u0130 B\u0130R DEFAYA MAHSUS MECL\u0130STEN GE\u00c7T\u0130, E\u011e\u0130T\u0130M KURUMLARIMIZ \u00d6NLEMLER\u0130N\u0130 ALMALI\u201d Cumhuriyet Meclisi\u2019nde \u0130dari Kamu ve Sa\u011fl\u0131k \u0130\u015fleri Ba\u015fkanl\u0131\u011f\u0131\u2019n\u0131n Yatakl\u0131 Tedavi Kurumlar\u0131 Dairesi De\u011fi\u015fiklik Yasa Tasar\u0131s\u0131 Tezkeresi onaylanarak ge\u00e7ti. Buna g\u00f6re sa\u011fl\u0131k kurumlar\u0131nda istihdam edilecek hem\u015fire aciliyetinden dolay\u0131 adaylarda bir defaya mahsus olarak B1 d\u00fczeyinde \u0130ngilizce belgesi aranmayacak. Konuyla ilgili olarak a\u00e7\u0131klamalarda bulunan [&hellip;]<\/p>\n","protected":false},"author":5,"featured_media":1310,"comment_status":"open","ping_status":"open","sticky":false,"template":"","format":"standard","meta":{"tdm_status":"","tdm_grid_status":"","footnotes":""},"categories":[1],"tags":[],"acf":[],"aioseo_notices":[],"_links":{"self":[{"href":"https:\/\/www.kktckamusen.org\/index.php\/wp-json\/wp\/v2\/posts\/1309"}],"collection":[{"href":"https:\/\/www.kktckamusen.org\/index.php\/wp-json\/wp\/v2\/posts"}],"about":[{"href":"https:\/\/www.kktckamusen.org\/index.php\/wp-json\/wp\/v2\/types\/post"}],"author":[{"embeddable":true,"href":"https:\/\/www.kktckamusen.org\/index.php\/wp-json\/wp\/v2\/users\/5"}],"replies":[{"embeddable":true,"href":"https:\/\/www.kktckamusen.org\/index.php\/wp-json\/wp\/v2\/comments?post=1309"}],"version-history":[{"count":1,"href":"https:\/\/www.kktckamusen.org\/index.php\/wp-json\/wp\/v2\/posts\/1309\/revisions"}],"predecessor-version":[{"id":1311,"href":"https:\/\/www.kktckamusen.org\/index.php\/wp-json\/wp\/v2\/posts\/1309\/revisions\/1311"}],"wp:featuredmedia":[{"embeddable":true,"href":"https:\/\/www.kktckamusen.org\/index.php\/wp-json\/wp\/v2\/media\/1310"}],"wp:attachment":[{"href":"https:\/\/www.kktckamusen.org\/index.php\/wp-json\/wp\/v2\/media?parent=1309"}],"wp:term":[{"taxonomy":"category","embeddable":true,"href":"https:\/\/www.kktckamusen.org\/index.php\/wp-json\/wp\/v2\/categories?post=1309"},{"taxonomy":"post_tag","embeddable":true,"href":"https:\/\/www.kktckamusen.org\/index.php\/wp-json\/wp\/v2\/tags?post=1309"}],"curies":[{"name":"wp","href":"https:\/\/api.w.org\/{rel}","templated":true}]}}