{"id":1278,"date":"2024-10-25T12:22:49","date_gmt":"2024-10-25T12:22:49","guid":{"rendered":"https:\/\/www.kktckamusen.org\/?p=1278"},"modified":"2024-10-25T12:22:58","modified_gmt":"2024-10-25T12:22:58","slug":"biz-yasananlardan-biktik-onlar-bikmadi","status":"publish","type":"post","link":"https:\/\/www.kktckamusen.org\/index.php\/2024\/10\/25\/biz-yasananlardan-biktik-onlar-bikmadi\/","title":{"rendered":"\u201cB\u0130Z YA\u015eANANLARDAN BIKTIK ONLAR BIKMADI\u201d"},"content":{"rendered":"\n<p>Kamusen Ba\u015fkan\u0131 Metin Atan, Meclis Ba\u015fkanl\u0131\u011f\u0131 se\u00e7imleriyle ilgili tart\u0131\u015fman\u0131n bir an \u00f6nce son bulmas\u0131n\u0131 ve art\u0131k topluma zarar verecek boyuta ula\u015fan bu s\u00fcrecin sonland\u0131r\u0131lmas\u0131n\u0131 istedi.<\/p>\n\n\n\n<p>D\u00fcnyada ya\u015fanan siyasal ve askeri geli\u015fmelere dikkat \u00e7eken Atan, \u201cMillet uzaya \u00e7\u0131karken biz daha Meclis Ba\u015fkan\u0131\u2019n\u0131 se\u00e7emedik. Biz ya\u015fananlardan b\u0131kt\u0131k onlar b\u0131kmad\u0131\u201d dedi.<\/p>\n\n\n\n<p>Ulusal Birlik Partisi\u2019nin kendi i\u00e7indeki i\u00e7 \u00e7eki\u015fmelerden kaynakl\u0131 s\u0131k\u0131nt\u0131lar\u0131n Meclis Ba\u015fkanl\u0131\u011f\u0131 se\u00e7imlerine yans\u0131d\u0131\u011f\u0131n\u0131 belirten Atan, a\u00e7\u0131klamas\u0131na s\u00f6yle devam etti;<\/p>\n\n\n\n<p>Meclis Ba\u015fkanl\u0131\u011f\u0131 se\u00e7imi art\u0131k topluma zarar verme noktas\u0131na gelmi\u015ftir. Uzun zamand\u0131r Meclis\u2019te bekleyen yasalar\u0131n ge\u00e7mesi ile ilgili biz de sendikalar olarak elimizden gelen gayreti g\u00f6steriyoruz, ama maalesef bir \u00e7eki\u015fme i\u00e7erisine giren Ulusal Birlik Partisi milletvekillerinin ortaya \u00e7\u0131karm\u0131\u015f oldu\u011fu son tablo bizleri de toplumu da \u00e7ok rahats\u0131z etme noktas\u0131na gelmi\u015ftir.<\/p>\n\n\n\n<p>Bir an evvel Meclis Ba\u015fkan\u0131\u011f\u0131 se\u00e7iminin yasal boyutlar\u0131 \u00e7er\u00e7evesinde herkesi ve b\u00fct\u00fcn toplumu kapsayan bir noktada sonu\u00e7land\u0131r\u0131lmas\u0131 hepimizin arzusudur. Meclis\u2019te i\u00e7 huzurun sa\u011flanmas\u0131 ve sonras\u0131nda bunun genele yay\u0131lan \u015fekle b\u00fcr\u00fcnd\u00fcr\u00fclmesi beklentimizdir.<\/p>\n\n\n\n<p>\u0130nsanl\u0131k uzaya \u00e7\u0131karken d\u00fcnyada bir so\u011fuk sava\u015f\u0131n oldu\u011fu bir konjekt\u00fcrde, bizler halen Meclis Ba\u015fkan\u0131\u2019n\u0131 se\u00e7tik, se\u00e7emedik. Bu durum art\u0131k hasmane bir duygular\u0131n\u0131 hiziple\u015fmeye g\u00f6t\u00fcrmektedir. Bundan m\u00fctevellit iktidar\u0131 ve muhalefeti akl\u0131selime davet ediyoruz.<\/p>\n\n\n\n\n","protected":false},"excerpt":{"rendered":"<p>Kamusen Ba\u015fkan\u0131 Metin Atan, Meclis Ba\u015fkanl\u0131\u011f\u0131 se\u00e7imleriyle ilgili tart\u0131\u015fman\u0131n bir an \u00f6nce son bulmas\u0131n\u0131 ve art\u0131k topluma zarar verecek boyuta ula\u015fan bu s\u00fcrecin sonland\u0131r\u0131lmas\u0131n\u0131 istedi. D\u00fcnyada ya\u015fanan siyasal ve askeri geli\u015fmelere dikkat \u00e7eken Atan, \u201cMillet uzaya \u00e7\u0131karken biz daha Meclis Ba\u015fkan\u0131\u2019n\u0131 se\u00e7emedik. Biz ya\u015fananlardan b\u0131kt\u0131k onlar b\u0131kmad\u0131\u201d dedi. Ulusal Birlik Partisi\u2019nin kendi i\u00e7indeki i\u00e7 \u00e7eki\u015fmelerden [&hellip;]<\/p>\n","protected":false},"author":5,"featured_media":927,"comment_status":"open","ping_status":"open","sticky":false,"template":"","format":"standard","meta":{"tdm_status":"","tdm_grid_status":"","footnotes":""},"categories":[1],"tags":[],"acf":[],"aioseo_notices":[],"_links":{"self":[{"href":"https:\/\/www.kktckamusen.org\/index.php\/wp-json\/wp\/v2\/posts\/1278"}],"collection":[{"href":"https:\/\/www.kktckamusen.org\/index.php\/wp-json\/wp\/v2\/posts"}],"about":[{"href":"https:\/\/www.kktckamusen.org\/index.php\/wp-json\/wp\/v2\/types\/post"}],"author":[{"embeddable":true,"href":"https:\/\/www.kktckamusen.org\/index.php\/wp-json\/wp\/v2\/users\/5"}],"replies":[{"embeddable":true,"href":"https:\/\/www.kktckamusen.org\/index.php\/wp-json\/wp\/v2\/comments?post=1278"}],"version-history":[{"count":1,"href":"https:\/\/www.kktckamusen.org\/index.php\/wp-json\/wp\/v2\/posts\/1278\/revisions"}],"predecessor-version":[{"id":1279,"href":"https:\/\/www.kktckamusen.org\/index.php\/wp-json\/wp\/v2\/posts\/1278\/revisions\/1279"}],"wp:featuredmedia":[{"embeddable":true,"href":"https:\/\/www.kktckamusen.org\/index.php\/wp-json\/wp\/v2\/media\/927"}],"wp:attachment":[{"href":"https:\/\/www.kktckamusen.org\/index.php\/wp-json\/wp\/v2\/media?parent=1278"}],"wp:term":[{"taxonomy":"category","embeddable":true,"href":"https:\/\/www.kktckamusen.org\/index.php\/wp-json\/wp\/v2\/categories?post=1278"},{"taxonomy":"post_tag","embeddable":true,"href":"https:\/\/www.kktckamusen.org\/index.php\/wp-json\/wp\/v2\/tags?post=1278"}],"curies":[{"name":"wp","href":"https:\/\/api.w.org\/{rel}","templated":true}]}}