{"id":1209,"date":"2023-11-01T09:08:50","date_gmt":"2023-11-01T09:08:50","guid":{"rendered":"https:\/\/www.kktckamusen.org\/?p=1209"},"modified":"2023-11-01T09:18:23","modified_gmt":"2023-11-01T09:18:23","slug":"utanmazlar","status":"publish","type":"post","link":"https:\/\/www.kktckamusen.org\/index.php\/2023\/11\/01\/utanmazlar\/","title":{"rendered":"UTANMAZLAR\u2026!"},"content":{"rendered":"\n<p>Usuls\u00fcz istihdam al\u0131mlar\u0131n\u0131n maa\u015flar\u0131n\u0131 kar\u015f\u0131lama ad\u0131na halk\u0131n ve vatanda\u015f\u0131n s\u0131rt\u0131ndan yap\u0131lan %15\u2019lik Elektrik Zamm\u0131n\u0131 <strong>KINIYORUZ<\/strong>.<\/p>\n\n\n\n<p>Yap\u0131lan bu zamm\u0131n \u00f6zellikle Asgari \u00dccretliyi do\u011frudan etkiledi\u011fi gibi k\u00fc\u00e7\u00fck i\u015fletmeleri ve k\u00fc\u00e7\u00fck esnaf\u0131 da etkileyece\u011fi a\u015fikard\u0131r. Yap\u0131lan bu zamm\u0131n di\u011fer temel g\u0131da maddelerine de yans\u0131yaca\u011f\u0131 halk\u0131n ve vatanda\u015f\u0131n alt\u0131ndan kalkamayaca\u011f\u0131 bir y\u00fck\u00fcn alt\u0131nda ezildi\u011fini, bu h\u00fck\u00fcmetin art\u0131k halk\u0131na ve vatanda\u015f\u0131na verece\u011fi bir \u015fey kalmad\u0131\u011f\u0131n\u0131, bu h\u00fck\u00fcmetin <strong>\u201cYOK\u201d<\/strong> h\u00fckm\u00fcnde oldu\u011funu bir kez daha kan\u0131tlam\u0131\u015flard\u0131r.<\/p>\n","protected":false},"excerpt":{"rendered":"<p>Usuls\u00fcz istihdam al\u0131mlar\u0131n\u0131n maa\u015flar\u0131n\u0131 kar\u015f\u0131lama ad\u0131na halk\u0131n ve vatanda\u015f\u0131n s\u0131rt\u0131ndan yap\u0131lan %15\u2019lik Elektrik Zamm\u0131n\u0131 KINIYORUZ. Yap\u0131lan bu zamm\u0131n \u00f6zellikle Asgari \u00dccretliyi do\u011frudan etkiledi\u011fi gibi k\u00fc\u00e7\u00fck i\u015fletmeleri ve k\u00fc\u00e7\u00fck esnaf\u0131 da etkileyece\u011fi a\u015fikard\u0131r. Yap\u0131lan bu zamm\u0131n di\u011fer temel g\u0131da maddelerine de yans\u0131yaca\u011f\u0131 halk\u0131n ve vatanda\u015f\u0131n alt\u0131ndan kalkamayaca\u011f\u0131 bir y\u00fck\u00fcn alt\u0131nda ezildi\u011fini, bu h\u00fck\u00fcmetin art\u0131k halk\u0131na ve [&hellip;]<\/p>\n","protected":false},"author":5,"featured_media":1208,"comment_status":"open","ping_status":"open","sticky":false,"template":"","format":"standard","meta":{"tdm_status":"","tdm_grid_status":"","footnotes":""},"categories":[1],"tags":[],"acf":[],"aioseo_notices":[],"_links":{"self":[{"href":"https:\/\/www.kktckamusen.org\/index.php\/wp-json\/wp\/v2\/posts\/1209"}],"collection":[{"href":"https:\/\/www.kktckamusen.org\/index.php\/wp-json\/wp\/v2\/posts"}],"about":[{"href":"https:\/\/www.kktckamusen.org\/index.php\/wp-json\/wp\/v2\/types\/post"}],"author":[{"embeddable":true,"href":"https:\/\/www.kktckamusen.org\/index.php\/wp-json\/wp\/v2\/users\/5"}],"replies":[{"embeddable":true,"href":"https:\/\/www.kktckamusen.org\/index.php\/wp-json\/wp\/v2\/comments?post=1209"}],"version-history":[{"count":1,"href":"https:\/\/www.kktckamusen.org\/index.php\/wp-json\/wp\/v2\/posts\/1209\/revisions"}],"predecessor-version":[{"id":1210,"href":"https:\/\/www.kktckamusen.org\/index.php\/wp-json\/wp\/v2\/posts\/1209\/revisions\/1210"}],"wp:featuredmedia":[{"embeddable":true,"href":"https:\/\/www.kktckamusen.org\/index.php\/wp-json\/wp\/v2\/media\/1208"}],"wp:attachment":[{"href":"https:\/\/www.kktckamusen.org\/index.php\/wp-json\/wp\/v2\/media?parent=1209"}],"wp:term":[{"taxonomy":"category","embeddable":true,"href":"https:\/\/www.kktckamusen.org\/index.php\/wp-json\/wp\/v2\/categories?post=1209"},{"taxonomy":"post_tag","embeddable":true,"href":"https:\/\/www.kktckamusen.org\/index.php\/wp-json\/wp\/v2\/tags?post=1209"}],"curies":[{"name":"wp","href":"https:\/\/api.w.org\/{rel}","templated":true}]}}