{"id":1198,"date":"2023-10-26T06:06:18","date_gmt":"2023-10-26T06:06:18","guid":{"rendered":"https:\/\/www.kktckamusen.org\/?p=1198"},"modified":"2023-10-26T06:06:20","modified_gmt":"2023-10-26T06:06:20","slug":"tok-acin-halinden-anlamaz","status":"publish","type":"post","link":"https:\/\/www.kktckamusen.org\/index.php\/2023\/10\/26\/tok-acin-halinden-anlamaz\/","title":{"rendered":"TOK A\u00c7IN HAL\u0130NDEN ANLAMAZ"},"content":{"rendered":"\n<p><strong>TOK A\u00c7IN HAL\u0130NDEN ANLAMAZ<\/strong><strong><\/strong><\/p>\n\n\n\n<p>Atan, \u201cHalk yoksulla\u015f\u0131yor ama bu \u00fclkenin bakan\u0131 pilav yemek i\u00e7in u\u00e7a\u011fa biniyor\u201d<\/p>\n\n\n\n<p>Kamusen Ba\u015fkan\u0131 Metin Atan kat\u0131ld\u0131\u011f\u0131 bir tv program\u0131nda g\u00fcndeme dair de\u011ferlendirmeler yapt\u0131. D\u00fcnya ve \u00fclke siyasetine de\u011finen Atan, \u0130srail- Gazze Sava\u015f\u0131\u2019na dikkat \u00e7ekerek, \u00fclkemizde topra\u011f\u0131n yabanc\u0131lara sat\u0131lmas\u0131na dikkat \u00e7ekti. \u00dclkede k\u0131sa zamanda yap\u0131lmas\u0131 gerekenlerin yap\u0131lamad\u0131\u011f\u0131na vurgu yapan Atan 5 y\u0131ll\u0131k Kalk\u0131nma Plan\u0131\u2019ndan \u00f6nce k\u0131sa vadede yap\u0131lmas\u0131 gerekenleri s\u0131ralad\u0131. Di\u011fer yandan \u00fclkede yoksulluk varken pilav yemek i\u00e7in seyahat edilmesine de tepki g\u00f6steren Atan, \u201cTok a\u00e7\u0131n halinden anlamaz\u201d yorumunda bulundu.&nbsp;<\/p>\n\n\n\n<p>\u0130srail \u2013 Gazze Sava\u015f\u0131\u2019na dikkat \u00e7eken Atan, \u201cBirileri zengin olsun diye sessiz, duyars\u0131z kal\u0131n\u0131yor. Kenid topra\u011f\u0131m\u0131zda biz yabanc\u0131la\u015ft\u0131k\u201d diyerek yabanc\u0131 sermayeye kanla al\u0131nan topraklar\u0131n para kar\u015f\u0131l\u0131\u011f\u0131 sat\u0131lmas\u0131na tepki g\u00f6sterdi.<\/p>\n\n\n\n<p><strong>BU MADDELER\u0130N ALTINI NASIL DOLDURACAKSINIZ?<\/strong><\/p>\n\n\n\n<p>\u00dclkenin bir\u00e7ok s\u0131k\u0131nt\u0131s\u0131n\u0131 madde madde s\u0131ralayan Atan, \u201c5 y\u0131ll\u0131k Kalk\u0131nma Plan\u0131 ile ilgili, \u201c\u00dcretim, elektrik altyap\u0131lar\u0131, konutla\u015fma s\u00f6yleniyor ancak bunlarla ilgili haz\u0131rl\u0131k var m\u0131? Bu kafa yap\u0131s\u0131 ve bu zihniyetle yapabilirseniz helal olsun. Bu maddelerin alt\u0131n\u0131 nas\u0131l dolduracaks\u0131n\u0131z? K\u0131sa vadede yap\u0131lmas\u0131 gerekenleri dahi yapam\u0131yorsunuz\u201d diyerek ivedi bir bi\u00e7imde kay\u0131td\u0131\u015f\u0131l\u0131l\u0131\u011f\u0131n \u00f6nlemesi, usuls\u00fczl\u00fcklerin \u00fczerine gidilmesi gerekti\u011fini kaydetti.&nbsp;<\/p>\n\n\n\n<p>TOK A\u00c7IN HAL\u0130NDEN TAB\u0130 K\u0130 ANLAMAZ!<\/p>\n\n\n\n<p>Bakan Ar\u0131kl\u0131\u2019n\u0131n seyahatine tepki g\u00f6steren Atan, \u201cBenim Bakan\u0131m, pilav yemek i\u00e7in u\u00e7a\u011fa binecek ve gidecek ama vatanda\u015f burada yok olu\u015fa gidiyor. Mecliste olman\u0131z gerekirken yurtd\u0131\u015f\u0131nda dola\u015f\u0131yorsunuz. Tok tabi ki a\u00e7\u0131n halinden anlamaz\u201d dedi.<\/p>\n","protected":false},"excerpt":{"rendered":"<p>TOK A\u00c7IN HAL\u0130NDEN ANLAMAZ Atan, \u201cHalk yoksulla\u015f\u0131yor ama bu \u00fclkenin bakan\u0131 pilav yemek i\u00e7in u\u00e7a\u011fa biniyor\u201d Kamusen Ba\u015fkan\u0131 Metin Atan kat\u0131ld\u0131\u011f\u0131 bir tv program\u0131nda g\u00fcndeme dair de\u011ferlendirmeler yapt\u0131. D\u00fcnya ve \u00fclke siyasetine de\u011finen Atan, \u0130srail- Gazze Sava\u015f\u0131\u2019na dikkat \u00e7ekerek, \u00fclkemizde topra\u011f\u0131n yabanc\u0131lara sat\u0131lmas\u0131na dikkat \u00e7ekti. \u00dclkede k\u0131sa zamanda yap\u0131lmas\u0131 gerekenlerin yap\u0131lamad\u0131\u011f\u0131na vurgu yapan Atan 5 [&hellip;]<\/p>\n","protected":false},"author":5,"featured_media":1206,"comment_status":"open","ping_status":"open","sticky":false,"template":"","format":"standard","meta":{"tdm_status":"","tdm_grid_status":"","footnotes":""},"categories":[1],"tags":[],"acf":[],"aioseo_notices":[],"_links":{"self":[{"href":"https:\/\/www.kktckamusen.org\/index.php\/wp-json\/wp\/v2\/posts\/1198"}],"collection":[{"href":"https:\/\/www.kktckamusen.org\/index.php\/wp-json\/wp\/v2\/posts"}],"about":[{"href":"https:\/\/www.kktckamusen.org\/index.php\/wp-json\/wp\/v2\/types\/post"}],"author":[{"embeddable":true,"href":"https:\/\/www.kktckamusen.org\/index.php\/wp-json\/wp\/v2\/users\/5"}],"replies":[{"embeddable":true,"href":"https:\/\/www.kktckamusen.org\/index.php\/wp-json\/wp\/v2\/comments?post=1198"}],"version-history":[{"count":1,"href":"https:\/\/www.kktckamusen.org\/index.php\/wp-json\/wp\/v2\/posts\/1198\/revisions"}],"predecessor-version":[{"id":1203,"href":"https:\/\/www.kktckamusen.org\/index.php\/wp-json\/wp\/v2\/posts\/1198\/revisions\/1203"}],"wp:featuredmedia":[{"embeddable":true,"href":"https:\/\/www.kktckamusen.org\/index.php\/wp-json\/wp\/v2\/media\/1206"}],"wp:attachment":[{"href":"https:\/\/www.kktckamusen.org\/index.php\/wp-json\/wp\/v2\/media?parent=1198"}],"wp:term":[{"taxonomy":"category","embeddable":true,"href":"https:\/\/www.kktckamusen.org\/index.php\/wp-json\/wp\/v2\/categories?post=1198"},{"taxonomy":"post_tag","embeddable":true,"href":"https:\/\/www.kktckamusen.org\/index.php\/wp-json\/wp\/v2\/tags?post=1198"}],"curies":[{"name":"wp","href":"https:\/\/api.w.org\/{rel}","templated":true}]}}